{"id":6732,"date":"2026-09-05T14:53:32","date_gmt":"2026-09-05T14:53:32","guid":{"rendered":"https:\/\/beltv.net\/?p=6732"},"modified":"2026-09-05T14:53:32","modified_gmt":"2026-09-05T14:53:32","slug":"liverpool-des-debuts-remarques-pour-bradley-barcola","status":"publish","type":"post","link":"https:\/\/beltv.net\/en\/liverpool-des-debuts-remarques-pour-bradley-barcola\/","title":{"rendered":"Liverpool : des d\u00e9buts remarqu\u00e9s pour Bradley Barcola"},"content":{"rendered":"<p><!-- BEL TV \u2014 \u00c0 coller dans un bloc HTML personnalis\u00e9 WordPress\/Elementor --><\/p>\n<article class=\"beltv-news\" lang=\"fr\">\n<div class=\"beltv-body\">\n<div class=\"beltv-meta\"><\/div>\n<h4 class=\"beltv-lead\">Bradley Barcola a effectu\u00e9 sa premi\u00e8re apparition sous les couleurs de Liverpool lors de la victoire 2-0 sur la pelouse d\u2019Ipswich. Une entr\u00e9e en jeu qui a satisfait son entra\u00eeneur.<\/h4>\n<p>Liverpool a sign\u00e9 une nouvelle victoire en Premier League en s\u2019imposant 2-0 \u00e0 Ipswich. La rencontre a \u00e9galement \u00e9t\u00e9 marqu\u00e9e par les grands d\u00e9buts de Bradley Barcola avec le club anglais.<\/p>\n<p>L\u2019ailier international fran\u00e7ais est entr\u00e9 \u00e0 la 64e minute \u00e0 la place de l\u2019attaquant espagnol Victor Mu\u00f1oz. Arriv\u00e9 quelques jours auparavant en provenance du Paris Saint-Germain, Barcola disputait ainsi ses premi\u00e8res minutes officielles avec sa nouvelle \u00e9quipe.<\/p>\n<p>Au moment de son entr\u00e9e, Liverpool avait d\u00e9j\u00e0 pris le contr\u00f4le du score gr\u00e2ce \u00e0 Alexander Isak, auteur des deux buts de la rencontre. Bradley Barcola s\u2019est install\u00e9 sur le c\u00f4t\u00e9 gauche pour la derni\u00e8re demi-heure.<\/p>\n<p><img decoding=\"async\" class=\"beltv-photo\" src=\"https:\/\/beltv.net\/wp-content\/uploads\/2026\/09\/barcola.avif\" alt=\"Bradley Barcola sous les couleurs de Liverpool\" \/><\/p>\n<p class=\"beltv-caption\">Bradley Barcola lors de ses d\u00e9buts avec Liverpool.<\/p>\n<h2>Une entr\u00e9e pleine de promesses<\/h2>\n<p>Durant son passage sur la pelouse, l\u2019ancien joueur de l\u2019Olympique Lyonnais a montr\u00e9 plusieurs de ses qualit\u00e9s, notamment sa vitesse, sa capacit\u00e9 d\u2019acc\u00e9l\u00e9ration et son aptitude \u00e0 combiner avec ses nouveaux partenaires.<\/p>\n<p>Il a notamment tent\u00e9 de cr\u00e9er le danger avec Cody Gakpo, repositionn\u00e9 dans l\u2019axe apr\u00e8s la sortie d\u2019Isak. M\u00eame si certaines actions n\u2019ont pas abouti, ses premi\u00e8res initiatives ont laiss\u00e9 une impression positive.<\/p>\n<h2>Iraola satisfait de ses premi\u00e8res minutes<\/h2>\n<p>Apr\u00e8s la rencontre, l\u2019entra\u00eeneur de Liverpool, Andoni Iraola, s\u2019est montr\u00e9 satisfait de la prestation de la recrue fran\u00e7aise. Il a notamment mis en avant sa qualit\u00e9 de passe et sa capacit\u00e9 \u00e0 repr\u00e9senter une menace permanente en contre-attaque.<\/p>\n<blockquote class=\"beltv-quote\"><p>Je pense qu\u2019il a disput\u00e9 de bonnes minutes et qu\u2019il poss\u00e8de une tr\u00e8s bonne qualit\u00e9 de passe.<\/p><\/blockquote>\n<p>Le technicien a n\u00e9anmoins rappel\u00e9 que Barcola n\u2019avait plus disput\u00e9 de match officiel depuis la Coupe du monde. Le club compte donc g\u00e9rer progressivement son temps de jeu afin de lui permettre de retrouver son meilleur rythme sans prendre de risque.<\/p>\n<p>Cette premi\u00e8re apparition r\u00e9ussie constitue un signal encourageant pour Liverpool. Les supporters attendent d\u00e9sormais de voir l\u2019international fran\u00e7ais prendre une place plus importante dans le dispositif offensif de l\u2019\u00e9quipe.<\/p>\n<p class=\"beltv-source\"><strong>Source :<\/strong> Sport365<\/p>\n<\/div>\n<footer class=\"beltv-footer\"><\/footer>\n<\/article>\n<script>function PlayerjsAsync(){} if(window[\"Playerjs\"]){PlayerjsAsync();}<\/script>","protected":false},"excerpt":{"rendered":"<p>Bradley Barcola a effectu\u00e9 sa premi\u00e8re apparition sous les couleurs de Liverpool lors de la victoire 2-0 sur la pelouse d\u2019Ipswich. Une entr\u00e9e en jeu qui a satisfait son entra\u00eeneur. Liverpool a sign\u00e9 une nouvelle victoire en Premier League en s\u2019imposant 2-0 \u00e0 Ipswich. La rencontre a \u00e9galement \u00e9t\u00e9 marqu\u00e9e par les grands d\u00e9buts de [&hellip;]<\/p>\n","protected":false},"author":2,"featured_media":6730,"comment_status":"open","ping_status":"open","sticky":false,"template":"","format":"standard","meta":{"googlesitekit_rrm_CAowp5XfCw:productID":"","footnotes":""},"categories":[97,111,103,109],"tags":[],"class_list":["post-6732","post","type-post","status-publish","format-standard","has-post-thumbnail","hentry","category-actualite","category-football","category-international","category-sport"],"yoast_head":"<!-- This site is optimized with the Yoast SEO plugin v28.3 - https:\/\/yoast.com\/product\/yoast-seo-wordpress\/ -->\n<title>Liverpool : des d\u00e9buts remarqu\u00e9s pour Bradley Barcola - BEL TV<\/title>\n<meta name=\"robots\" content=\"index, follow, max-snippet:-1, max-image-preview:large, max-video-preview:-1\" \/>\n<link rel=\"canonical\" href=\"https:\/\/beltv.net\/en\/liverpool-des-debuts-remarques-pour-bradley-barcola\/\" \/>\n<meta property=\"og:locale\" content=\"en_US\" \/>\n<meta property=\"og:type\" content=\"article\" \/>\n<meta property=\"og:title\" content=\"Liverpool : des d\u00e9buts remarqu\u00e9s pour Bradley Barcola - BEL TV\" \/>\n<meta property=\"og:description\" content=\"Bradley Barcola a effectu\u00e9 sa premi\u00e8re apparition sous les couleurs de Liverpool lors de la victoire 2-0 sur la pelouse d\u2019Ipswich. Une entr\u00e9e en jeu qui a satisfait son entra\u00eeneur. Liverpool a sign\u00e9 une nouvelle victoire en Premier League en s\u2019imposant 2-0 \u00e0 Ipswich. La rencontre a \u00e9galement \u00e9t\u00e9 marqu\u00e9e par les grands d\u00e9buts de [&hellip;]\" \/>\n<meta property=\"og:url\" content=\"https:\/\/beltv.net\/en\/liverpool-des-debuts-remarques-pour-bradley-barcola\/\" \/>\n<meta property=\"og:site_name\" content=\"BEL TV\" \/>\n<meta property=\"article:published_time\" content=\"2026-09-05T14:53:32+00:00\" \/>\n<meta name=\"author\" content=\"beltvhaiti\" \/>\n<meta name=\"twitter:card\" content=\"summary_large_image\" \/>\n<meta name=\"twitter:label1\" content=\"Written by\" \/>\n\t<meta name=\"twitter:data1\" content=\"beltvhaiti\" \/>\n\t<meta name=\"twitter:label2\" content=\"Est. reading time\" \/>\n\t<meta name=\"twitter:data2\" content=\"2 minutes\" \/>\n<script type=\"application\/ld+json\" class=\"yoast-schema-graph\">{\"@context\":\"https:\\\/\\\/schema.org\",\"@graph\":[{\"@type\":\"Article\",\"@id\":\"https:\\\/\\\/beltv.net\\\/liverpool-des-debuts-remarques-pour-bradley-barcola\\\/#article\",\"isPartOf\":{\"@id\":\"https:\\\/\\\/beltv.net\\\/liverpool-des-debuts-remarques-pour-bradley-barcola\\\/\"},\"author\":{\"name\":\"beltvhaiti\",\"@id\":\"http:\\\/\\\/beltv.net\\\/#\\\/schema\\\/person\\\/e31be35f928f7456239e5858803c7b95\"},\"headline\":\"Liverpool : des d\u00e9buts remarqu\u00e9s pour Bradley Barcola\",\"datePublished\":\"2026-09-05T14:53:32+00:00\",\"mainEntityOfPage\":{\"@id\":\"https:\\\/\\\/beltv.net\\\/liverpool-des-debuts-remarques-pour-bradley-barcola\\\/\"},\"wordCount\":402,\"commentCount\":0,\"publisher\":{\"@id\":\"http:\\\/\\\/beltv.net\\\/#organization\"},\"image\":{\"@id\":\"https:\\\/\\\/beltv.net\\\/liverpool-des-debuts-remarques-pour-bradley-barcola\\\/#primaryimage\"},\"thumbnailUrl\":\"https:\\\/\\\/beltv.net\\\/wp-content\\\/uploads\\\/2026\\\/09\\\/barcola-2.avif\",\"articleSection\":[\"Actualit\u00e9\",\"Football\",\"International\",\"Sport\"],\"inLanguage\":\"en-US\",\"potentialAction\":[{\"@type\":\"CommentAction\",\"name\":\"Comment\",\"target\":[\"https:\\\/\\\/beltv.net\\\/liverpool-des-debuts-remarques-pour-bradley-barcola\\\/#respond\"]}]},{\"@type\":\"WebPage\",\"@id\":\"https:\\\/\\\/beltv.net\\\/liverpool-des-debuts-remarques-pour-bradley-barcola\\\/\",\"url\":\"https:\\\/\\\/beltv.net\\\/liverpool-des-debuts-remarques-pour-bradley-barcola\\\/\",\"name\":\"Liverpool : des d\u00e9buts remarqu\u00e9s pour Bradley Barcola - BEL TV\",\"isPartOf\":{\"@id\":\"http:\\\/\\\/beltv.net\\\/#website\"},\"primaryImageOfPage\":{\"@id\":\"https:\\\/\\\/beltv.net\\\/liverpool-des-debuts-remarques-pour-bradley-barcola\\\/#primaryimage\"},\"image\":{\"@id\":\"https:\\\/\\\/beltv.net\\\/liverpool-des-debuts-remarques-pour-bradley-barcola\\\/#primaryimage\"},\"thumbnailUrl\":\"https:\\\/\\\/beltv.net\\\/wp-content\\\/uploads\\\/2026\\\/09\\\/barcola-2.avif\",\"datePublished\":\"2026-09-05T14:53:32+00:00\",\"breadcrumb\":{\"@id\":\"https:\\\/\\\/beltv.net\\\/liverpool-des-debuts-remarques-pour-bradley-barcola\\\/#breadcrumb\"},\"inLanguage\":\"en-US\",\"potentialAction\":[{\"@type\":\"ReadAction\",\"target\":[\"https:\\\/\\\/beltv.net\\\/liverpool-des-debuts-remarques-pour-bradley-barcola\\\/\"]}]},{\"@type\":\"ImageObject\",\"inLanguage\":\"en-US\",\"@id\":\"https:\\\/\\\/beltv.net\\\/liverpool-des-debuts-remarques-pour-bradley-barcola\\\/#primaryimage\",\"url\":\"https:\\\/\\\/beltv.net\\\/wp-content\\\/uploads\\\/2026\\\/09\\\/barcola-2.avif\",\"contentUrl\":\"https:\\\/\\\/beltv.net\\\/wp-content\\\/uploads\\\/2026\\\/09\\\/barcola-2.avif\",\"width\":630,\"height\":354},{\"@type\":\"BreadcrumbList\",\"@id\":\"https:\\\/\\\/beltv.net\\\/liverpool-des-debuts-remarques-pour-bradley-barcola\\\/#breadcrumb\",\"itemListElement\":[{\"@type\":\"ListItem\",\"position\":1,\"name\":\"Home\",\"item\":\"https:\\\/\\\/beltv.net\\\/\"},{\"@type\":\"ListItem\",\"position\":2,\"name\":\"Liverpool : des d\u00e9buts remarqu\u00e9s pour Bradley Barcola\"}]},{\"@type\":\"WebSite\",\"@id\":\"http:\\\/\\\/beltv.net\\\/#website\",\"url\":\"http:\\\/\\\/beltv.net\\\/\",\"name\":\"BEL TV\",\"description\":\"Vous allez adorer la t\u00e9l\u00e9 !\",\"publisher\":{\"@id\":\"http:\\\/\\\/beltv.net\\\/#organization\"},\"potentialAction\":[{\"@type\":\"SearchAction\",\"target\":{\"@type\":\"EntryPoint\",\"urlTemplate\":\"http:\\\/\\\/beltv.net\\\/?s={search_term_string}\"},\"query-input\":{\"@type\":\"PropertyValueSpecification\",\"valueRequired\":true,\"valueName\":\"search_term_string\"}}],\"inLanguage\":\"en-US\"},{\"@type\":\"Organization\",\"@id\":\"http:\\\/\\\/beltv.net\\\/#organization\",\"name\":\"BEL TV\",\"url\":\"http:\\\/\\\/beltv.net\\\/\",\"logo\":{\"@type\":\"ImageObject\",\"inLanguage\":\"en-US\",\"@id\":\"http:\\\/\\\/beltv.net\\\/#\\\/schema\\\/logo\\\/image\\\/\",\"url\":\"https:\\\/\\\/beltv.net\\\/wp-content\\\/uploads\\\/2025\\\/05\\\/350x100-bel-tv.jpg\",\"contentUrl\":\"https:\\\/\\\/beltv.net\\\/wp-content\\\/uploads\\\/2025\\\/05\\\/350x100-bel-tv.jpg\",\"width\":350,\"height\":100,\"caption\":\"BEL TV\"},\"image\":{\"@id\":\"http:\\\/\\\/beltv.net\\\/#\\\/schema\\\/logo\\\/image\\\/\"}},{\"@type\":\"Person\",\"@id\":\"http:\\\/\\\/beltv.net\\\/#\\\/schema\\\/person\\\/e31be35f928f7456239e5858803c7b95\",\"name\":\"beltvhaiti\",\"image\":{\"@type\":\"ImageObject\",\"inLanguage\":\"en-US\",\"@id\":\"https:\\\/\\\/secure.gravatar.com\\\/avatar\\\/4d7d5f771f8d32d6007f8c2310e8f05eb8d254f895e486a575c41a02f4dffdda?s=96&d=mm&r=g\",\"url\":\"https:\\\/\\\/secure.gravatar.com\\\/avatar\\\/4d7d5f771f8d32d6007f8c2310e8f05eb8d254f895e486a575c41a02f4dffdda?s=96&d=mm&r=g\",\"contentUrl\":\"https:\\\/\\\/secure.gravatar.com\\\/avatar\\\/4d7d5f771f8d32d6007f8c2310e8f05eb8d254f895e486a575c41a02f4dffdda?s=96&d=mm&r=g\",\"caption\":\"beltvhaiti\"},\"sameAs\":[\"http:\\\/\\\/www.beltv.net\"],\"url\":\"https:\\\/\\\/beltv.net\\\/en\\\/author\\\/mmertilien\\\/\"}]}<\/script>\n<!-- \/ Yoast SEO plugin. -->","yoast_head_json":{"title":"Liverpool : des d\u00e9buts remarqu\u00e9s pour Bradley Barcola - BEL TV","robots":{"index":"index","follow":"follow","max-snippet":"max-snippet:-1","max-image-preview":"max-image-preview:large","max-video-preview":"max-video-preview:-1"},"canonical":"https:\/\/beltv.net\/en\/liverpool-des-debuts-remarques-pour-bradley-barcola\/","og_locale":"en_US","og_type":"article","og_title":"Liverpool : des d\u00e9buts remarqu\u00e9s pour Bradley Barcola - BEL TV","og_description":"Bradley Barcola a effectu\u00e9 sa premi\u00e8re apparition sous les couleurs de Liverpool lors de la victoire 2-0 sur la pelouse d\u2019Ipswich. Une entr\u00e9e en jeu qui a satisfait son entra\u00eeneur. Liverpool a sign\u00e9 une nouvelle victoire en Premier League en s\u2019imposant 2-0 \u00e0 Ipswich. La rencontre a \u00e9galement \u00e9t\u00e9 marqu\u00e9e par les grands d\u00e9buts de [&hellip;]","og_url":"https:\/\/beltv.net\/en\/liverpool-des-debuts-remarques-pour-bradley-barcola\/","og_site_name":"BEL TV","article_published_time":"2026-09-05T14:53:32+00:00","author":"beltvhaiti","twitter_card":"summary_large_image","twitter_misc":{"Written by":"beltvhaiti","Est. reading time":"2 minutes"},"schema":{"@context":"https:\/\/schema.org","@graph":[{"@type":"Article","@id":"https:\/\/beltv.net\/liverpool-des-debuts-remarques-pour-bradley-barcola\/#article","isPartOf":{"@id":"https:\/\/beltv.net\/liverpool-des-debuts-remarques-pour-bradley-barcola\/"},"author":{"name":"beltvhaiti","@id":"http:\/\/beltv.net\/#\/schema\/person\/e31be35f928f7456239e5858803c7b95"},"headline":"Liverpool : des d\u00e9buts remarqu\u00e9s pour Bradley Barcola","datePublished":"2026-09-05T14:53:32+00:00","mainEntityOfPage":{"@id":"https:\/\/beltv.net\/liverpool-des-debuts-remarques-pour-bradley-barcola\/"},"wordCount":402,"commentCount":0,"publisher":{"@id":"http:\/\/beltv.net\/#organization"},"image":{"@id":"https:\/\/beltv.net\/liverpool-des-debuts-remarques-pour-bradley-barcola\/#primaryimage"},"thumbnailUrl":"https:\/\/beltv.net\/wp-content\/uploads\/2026\/09\/barcola-2.avif","articleSection":["Actualit\u00e9","Football","International","Sport"],"inLanguage":"en-US","potentialAction":[{"@type":"CommentAction","name":"Comment","target":["https:\/\/beltv.net\/liverpool-des-debuts-remarques-pour-bradley-barcola\/#respond"]}]},{"@type":"WebPage","@id":"https:\/\/beltv.net\/liverpool-des-debuts-remarques-pour-bradley-barcola\/","url":"https:\/\/beltv.net\/liverpool-des-debuts-remarques-pour-bradley-barcola\/","name":"Liverpool : des d\u00e9buts remarqu\u00e9s pour Bradley Barcola - BEL TV","isPartOf":{"@id":"http:\/\/beltv.net\/#website"},"primaryImageOfPage":{"@id":"https:\/\/beltv.net\/liverpool-des-debuts-remarques-pour-bradley-barcola\/#primaryimage"},"image":{"@id":"https:\/\/beltv.net\/liverpool-des-debuts-remarques-pour-bradley-barcola\/#primaryimage"},"thumbnailUrl":"https:\/\/beltv.net\/wp-content\/uploads\/2026\/09\/barcola-2.avif","datePublished":"2026-09-05T14:53:32+00:00","breadcrumb":{"@id":"https:\/\/beltv.net\/liverpool-des-debuts-remarques-pour-bradley-barcola\/#breadcrumb"},"inLanguage":"en-US","potentialAction":[{"@type":"ReadAction","target":["https:\/\/beltv.net\/liverpool-des-debuts-remarques-pour-bradley-barcola\/"]}]},{"@type":"ImageObject","inLanguage":"en-US","@id":"https:\/\/beltv.net\/liverpool-des-debuts-remarques-pour-bradley-barcola\/#primaryimage","url":"https:\/\/beltv.net\/wp-content\/uploads\/2026\/09\/barcola-2.avif","contentUrl":"https:\/\/beltv.net\/wp-content\/uploads\/2026\/09\/barcola-2.avif","width":630,"height":354},{"@type":"BreadcrumbList","@id":"https:\/\/beltv.net\/liverpool-des-debuts-remarques-pour-bradley-barcola\/#breadcrumb","itemListElement":[{"@type":"ListItem","position":1,"name":"Home","item":"https:\/\/beltv.net\/"},{"@type":"ListItem","position":2,"name":"Liverpool : des d\u00e9buts remarqu\u00e9s pour Bradley Barcola"}]},{"@type":"WebSite","@id":"http:\/\/beltv.net\/#website","url":"http:\/\/beltv.net\/","name":"BEL TV","description":"Vous allez adorer la t\u00e9l\u00e9 !","publisher":{"@id":"http:\/\/beltv.net\/#organization"},"potentialAction":[{"@type":"SearchAction","target":{"@type":"EntryPoint","urlTemplate":"http:\/\/beltv.net\/?s={search_term_string}"},"query-input":{"@type":"PropertyValueSpecification","valueRequired":true,"valueName":"search_term_string"}}],"inLanguage":"en-US"},{"@type":"Organization","@id":"http:\/\/beltv.net\/#organization","name":"BEL TV","url":"http:\/\/beltv.net\/","logo":{"@type":"ImageObject","inLanguage":"en-US","@id":"http:\/\/beltv.net\/#\/schema\/logo\/image\/","url":"https:\/\/beltv.net\/wp-content\/uploads\/2025\/05\/350x100-bel-tv.jpg","contentUrl":"https:\/\/beltv.net\/wp-content\/uploads\/2025\/05\/350x100-bel-tv.jpg","width":350,"height":100,"caption":"BEL TV"},"image":{"@id":"http:\/\/beltv.net\/#\/schema\/logo\/image\/"}},{"@type":"Person","@id":"http:\/\/beltv.net\/#\/schema\/person\/e31be35f928f7456239e5858803c7b95","name":"beltvhaiti","image":{"@type":"ImageObject","inLanguage":"en-US","@id":"https:\/\/secure.gravatar.com\/avatar\/4d7d5f771f8d32d6007f8c2310e8f05eb8d254f895e486a575c41a02f4dffdda?s=96&d=mm&r=g","url":"https:\/\/secure.gravatar.com\/avatar\/4d7d5f771f8d32d6007f8c2310e8f05eb8d254f895e486a575c41a02f4dffdda?s=96&d=mm&r=g","contentUrl":"https:\/\/secure.gravatar.com\/avatar\/4d7d5f771f8d32d6007f8c2310e8f05eb8d254f895e486a575c41a02f4dffdda?s=96&d=mm&r=g","caption":"beltvhaiti"},"sameAs":["http:\/\/www.beltv.net"],"url":"https:\/\/beltv.net\/en\/author\/mmertilien\/"}]}},"brizy_media":[],"_links":{"self":[{"href":"https:\/\/beltv.net\/en\/wp-json\/wp\/v2\/posts\/6732","targetHints":{"allow":["GET"]}}],"collection":[{"href":"https:\/\/beltv.net\/en\/wp-json\/wp\/v2\/posts"}],"about":[{"href":"https:\/\/beltv.net\/en\/wp-json\/wp\/v2\/types\/post"}],"author":[{"embeddable":true,"href":"https:\/\/beltv.net\/en\/wp-json\/wp\/v2\/users\/2"}],"replies":[{"embeddable":true,"href":"https:\/\/beltv.net\/en\/wp-json\/wp\/v2\/comments?post=6732"}],"version-history":[{"count":2,"href":"https:\/\/beltv.net\/en\/wp-json\/wp\/v2\/posts\/6732\/revisions"}],"predecessor-version":[{"id":6734,"href":"https:\/\/beltv.net\/en\/wp-json\/wp\/v2\/posts\/6732\/revisions\/6734"}],"wp:featuredmedia":[{"embeddable":true,"href":"https:\/\/beltv.net\/en\/wp-json\/wp\/v2\/media\/6730"}],"wp:attachment":[{"href":"https:\/\/beltv.net\/en\/wp-json\/wp\/v2\/media?parent=6732"}],"wp:term":[{"taxonomy":"category","embeddable":true,"href":"https:\/\/beltv.net\/en\/wp-json\/wp\/v2\/categories?post=6732"},{"taxonomy":"post_tag","embeddable":true,"href":"https:\/\/beltv.net\/en\/wp-json\/wp\/v2\/tags?post=6732"}],"curies":[{"name":"wp","href":"https:\/\/api.w.org\/{rel}","templated":true}]}}