{"id":6727,"date":"2026-09-05T14:43:22","date_gmt":"2026-09-05T14:43:22","guid":{"rendered":"https:\/\/beltv.net\/?p=6727"},"modified":"2026-09-05T14:43:22","modified_gmt":"2026-09-05T14:43:22","slug":"fc-barcelone-lamine-yamal-incertain-pour-le-deplacement-a-valence","status":"publish","type":"post","link":"https:\/\/beltv.net\/en\/fc-barcelone-lamine-yamal-incertain-pour-le-deplacement-a-valence\/","title":{"rendered":"FC Barcelone : Lamine Yamal incertain pour le d\u00e9placement \u00e0 Valence"},"content":{"rendered":"<p><!-- BEL TV \u2014 \u00c0 coller dans un bloc HTML personnalis\u00e9 WordPress\/Elementor --><\/p>\n<article class=\"beltv-news\" lang=\"fr\">\n<div class=\"beltv-line\" style=\"text-align: justify;\"><img loading=\"lazy\" decoding=\"async\" class=\"alignnone  wp-image-6726\" src=\"https:\/\/beltv.net\/wp-content\/uploads\/2026\/09\/yamal-300x169.webp\" alt=\"\" width=\"996\" height=\"561\" srcset=\"https:\/\/beltv.net\/wp-content\/uploads\/2026\/09\/yamal-300x169.webp 300w, https:\/\/beltv.net\/wp-content\/uploads\/2026\/09\/yamal-1024x576.webp 1024w, https:\/\/beltv.net\/wp-content\/uploads\/2026\/09\/yamal-768x432.webp 768w, https:\/\/beltv.net\/wp-content\/uploads\/2026\/09\/yamal-1536x864.webp 1536w, https:\/\/beltv.net\/wp-content\/uploads\/2026\/09\/yamal-2048x1152.webp 2048w, https:\/\/beltv.net\/wp-content\/uploads\/2026\/09\/yamal-18x10.webp 18w, https:\/\/beltv.net\/wp-content\/uploads\/2026\/09\/yamal-600x338.webp 600w\" sizes=\"auto, (max-width: 996px) 100vw, 996px\" \/><\/div>\n<header class=\"beltv-hero\">\n<h1><\/h1>\n<\/header>\n<div class=\"beltv-body\" style=\"text-align: justify;\">\n<div class=\"beltv-meta\"><\/div>\n<p class=\"beltv-lead\">Touch\u00e9 apr\u00e8s avoir re\u00e7u un coup, Lamine Yamal n\u2019a pas particip\u00e9 \u00e0 l\u2019entra\u00eenement collectif du FC Barcelone. Il fera le voyage \u00e0 Valence, mais sa pr\u00e9sence sur le terrain reste incertaine.<\/p>\n<p>Lamine Yamal a suscit\u00e9 l\u2019inqui\u00e9tude des supporters du FC Barcelone en manquant la s\u00e9ance collective organis\u00e9e avant le d\u00e9placement \u00e0 Mestalla. Le jeune attaquant espagnol s\u2019est entra\u00een\u00e9 individuellement en raison de douleurs provoqu\u00e9es par un coup.<\/p>\n<p>Hansi Flick a toutefois livr\u00e9 des nouvelles plut\u00f4t rassurantes en conf\u00e9rence de presse. Selon l\u2019entra\u00eeneur allemand, la s\u00e9ance individuelle du joueur s\u2019est d\u00e9roul\u00e9e normalement et celui-ci accompagnera le groupe pour la rencontre face \u00e0 Valence.<\/p>\n<h2>Hansi Flick garde l\u2019espoir<\/h2>\n<blockquote class=\"beltv-quote\"><p>Il voyagera avec nous et, esp\u00e9rons-le, pourra jouer contre Valence.<\/p><\/blockquote>\n<p>Le staff m\u00e9dical et l\u2019encadrement technique avaient d\u00e9cid\u00e9 de ne prendre aucun risque en laissant Yamal travailler \u00e0 l\u2019\u00e9cart de ses co\u00e9quipiers. Une d\u00e9cision d\u00e9finitive concernant sa participation devrait \u00eatre prise en fonction de son \u00e9volution.<\/p>\n<p>Le Bar\u00e7a esp\u00e8re pouvoir compter sur l\u2019un de ses principaux atouts offensifs. Lamine Yamal avait notamment inscrit ses deux premiers buts de la saison lors de la victoire spectaculaire contre le Rayo Vallecano.<\/p>\n<h2>Un d\u00e9but de saison parfait pour le Bar\u00e7a<\/h2>\n<p>Les Blaugrana se pr\u00e9sentent \u00e0 Mestalla avec neuf points obtenus en trois rencontres. Ils ont successivement domin\u00e9 Elche, l\u2019Athletic Bilbao et le Rayo Vallecano, confirmant ainsi leur excellent d\u00e9but de championnat.<\/p>\n<p>La situation de Lamine Yamal intervient \u00e9galement au moment o\u00f9 le joueur form\u00e9 au club rejoint le groupe des nouveaux capitaines. \u00c0 la suite d\u2019un vote du vestiaire, il figure aux c\u00f4t\u00e9s de Raphinha, Pedri, Eric Garcia et Frenkie de Jong.<\/p>\n<p>Hansi Flick a expliqu\u00e9 avoir personnellement choisi Raphinha et Pedri pour leur influence, leur importance dans le groupe et leur pr\u00e9sence r\u00e9guli\u00e8re dans le onze de d\u00e9part. Les autres capitaines ont \u00e9t\u00e9 d\u00e9sign\u00e9s par les joueurs.<\/p>\n<p class=\"beltv-source\"><strong>Source :<\/strong> Sport365<\/p>\n<\/div>\n<footer class=\"beltv-footer\"><\/footer>\n<\/article>\n<script>function PlayerjsAsync(){} if(window[\"Playerjs\"]){PlayerjsAsync();}<\/script>","protected":false},"excerpt":{"rendered":"<p>Touch\u00e9 apr\u00e8s avoir re\u00e7u un coup, Lamine Yamal n\u2019a pas particip\u00e9 \u00e0 l\u2019entra\u00eenement collectif du FC Barcelone. Il fera le voyage \u00e0 Valence, mais sa pr\u00e9sence sur le terrain reste incertaine. Lamine Yamal a suscit\u00e9 l\u2019inqui\u00e9tude des supporters du FC Barcelone en manquant la s\u00e9ance collective organis\u00e9e avant le d\u00e9placement \u00e0 Mestalla. Le jeune attaquant [&hellip;]<\/p>\n","protected":false},"author":2,"featured_media":6726,"comment_status":"open","ping_status":"open","sticky":false,"template":"","format":"standard","meta":{"googlesitekit_rrm_CAowp5XfCw:productID":"","footnotes":""},"categories":[97,111,103,109],"tags":[],"class_list":["post-6727","post","type-post","status-publish","format-standard","has-post-thumbnail","hentry","category-actualite","category-football","category-international","category-sport"],"yoast_head":"<!-- This site is optimized with the Yoast SEO plugin v28.3 - https:\/\/yoast.com\/product\/yoast-seo-wordpress\/ -->\n<title>FC Barcelone : Lamine Yamal incertain pour le d\u00e9placement \u00e0 Valence - BEL TV<\/title>\n<meta name=\"robots\" content=\"index, follow, max-snippet:-1, max-image-preview:large, max-video-preview:-1\" \/>\n<link rel=\"canonical\" href=\"https:\/\/beltv.net\/en\/fc-barcelone-lamine-yamal-incertain-pour-le-deplacement-a-valence\/\" \/>\n<meta property=\"og:locale\" content=\"en_US\" \/>\n<meta property=\"og:type\" content=\"article\" \/>\n<meta property=\"og:title\" content=\"FC Barcelone : Lamine Yamal incertain pour le d\u00e9placement \u00e0 Valence - BEL TV\" \/>\n<meta property=\"og:description\" content=\"Touch\u00e9 apr\u00e8s avoir re\u00e7u un coup, Lamine Yamal n\u2019a pas particip\u00e9 \u00e0 l\u2019entra\u00eenement collectif du FC Barcelone. Il fera le voyage \u00e0 Valence, mais sa pr\u00e9sence sur le terrain reste incertaine. Lamine Yamal a suscit\u00e9 l\u2019inqui\u00e9tude des supporters du FC Barcelone en manquant la s\u00e9ance collective organis\u00e9e avant le d\u00e9placement \u00e0 Mestalla. Le jeune attaquant [&hellip;]\" \/>\n<meta property=\"og:url\" content=\"https:\/\/beltv.net\/en\/fc-barcelone-lamine-yamal-incertain-pour-le-deplacement-a-valence\/\" \/>\n<meta property=\"og:site_name\" content=\"BEL TV\" \/>\n<meta property=\"article:published_time\" content=\"2026-09-05T14:43:22+00:00\" \/>\n<meta property=\"og:image\" content=\"https:\/\/beltv.net\/wp-content\/uploads\/2026\/09\/yamal-scaled.webp\" \/>\n\t<meta property=\"og:image:width\" content=\"2560\" \/>\n\t<meta property=\"og:image:height\" content=\"1440\" \/>\n\t<meta property=\"og:image:type\" content=\"image\/webp\" \/>\n<meta name=\"author\" content=\"beltvhaiti\" \/>\n<meta name=\"twitter:card\" content=\"summary_large_image\" \/>\n<meta name=\"twitter:label1\" content=\"Written by\" \/>\n\t<meta name=\"twitter:data1\" content=\"beltvhaiti\" \/>\n\t<meta name=\"twitter:label2\" content=\"Est. reading time\" \/>\n\t<meta name=\"twitter:data2\" content=\"2 minutes\" \/>\n<script type=\"application\/ld+json\" class=\"yoast-schema-graph\">{\"@context\":\"https:\\\/\\\/schema.org\",\"@graph\":[{\"@type\":\"Article\",\"@id\":\"https:\\\/\\\/beltv.net\\\/fc-barcelone-lamine-yamal-incertain-pour-le-deplacement-a-valence\\\/#article\",\"isPartOf\":{\"@id\":\"https:\\\/\\\/beltv.net\\\/fc-barcelone-lamine-yamal-incertain-pour-le-deplacement-a-valence\\\/\"},\"author\":{\"name\":\"beltvhaiti\",\"@id\":\"http:\\\/\\\/beltv.net\\\/#\\\/schema\\\/person\\\/e31be35f928f7456239e5858803c7b95\"},\"headline\":\"FC Barcelone : Lamine Yamal incertain pour le d\u00e9placement \u00e0 Valence\",\"datePublished\":\"2026-09-05T14:43:22+00:00\",\"mainEntityOfPage\":{\"@id\":\"https:\\\/\\\/beltv.net\\\/fc-barcelone-lamine-yamal-incertain-pour-le-deplacement-a-valence\\\/\"},\"wordCount\":354,\"commentCount\":0,\"publisher\":{\"@id\":\"http:\\\/\\\/beltv.net\\\/#organization\"},\"image\":{\"@id\":\"https:\\\/\\\/beltv.net\\\/fc-barcelone-lamine-yamal-incertain-pour-le-deplacement-a-valence\\\/#primaryimage\"},\"thumbnailUrl\":\"https:\\\/\\\/beltv.net\\\/wp-content\\\/uploads\\\/2026\\\/09\\\/yamal-scaled.webp\",\"articleSection\":[\"Actualit\u00e9\",\"Football\",\"International\",\"Sport\"],\"inLanguage\":\"en-US\",\"potentialAction\":[{\"@type\":\"CommentAction\",\"name\":\"Comment\",\"target\":[\"https:\\\/\\\/beltv.net\\\/fc-barcelone-lamine-yamal-incertain-pour-le-deplacement-a-valence\\\/#respond\"]}]},{\"@type\":\"WebPage\",\"@id\":\"https:\\\/\\\/beltv.net\\\/fc-barcelone-lamine-yamal-incertain-pour-le-deplacement-a-valence\\\/\",\"url\":\"https:\\\/\\\/beltv.net\\\/fc-barcelone-lamine-yamal-incertain-pour-le-deplacement-a-valence\\\/\",\"name\":\"FC Barcelone : Lamine Yamal incertain pour le d\u00e9placement \u00e0 Valence - BEL TV\",\"isPartOf\":{\"@id\":\"http:\\\/\\\/beltv.net\\\/#website\"},\"primaryImageOfPage\":{\"@id\":\"https:\\\/\\\/beltv.net\\\/fc-barcelone-lamine-yamal-incertain-pour-le-deplacement-a-valence\\\/#primaryimage\"},\"image\":{\"@id\":\"https:\\\/\\\/beltv.net\\\/fc-barcelone-lamine-yamal-incertain-pour-le-deplacement-a-valence\\\/#primaryimage\"},\"thumbnailUrl\":\"https:\\\/\\\/beltv.net\\\/wp-content\\\/uploads\\\/2026\\\/09\\\/yamal-scaled.webp\",\"datePublished\":\"2026-09-05T14:43:22+00:00\",\"breadcrumb\":{\"@id\":\"https:\\\/\\\/beltv.net\\\/fc-barcelone-lamine-yamal-incertain-pour-le-deplacement-a-valence\\\/#breadcrumb\"},\"inLanguage\":\"en-US\",\"potentialAction\":[{\"@type\":\"ReadAction\",\"target\":[\"https:\\\/\\\/beltv.net\\\/fc-barcelone-lamine-yamal-incertain-pour-le-deplacement-a-valence\\\/\"]}]},{\"@type\":\"ImageObject\",\"inLanguage\":\"en-US\",\"@id\":\"https:\\\/\\\/beltv.net\\\/fc-barcelone-lamine-yamal-incertain-pour-le-deplacement-a-valence\\\/#primaryimage\",\"url\":\"https:\\\/\\\/beltv.net\\\/wp-content\\\/uploads\\\/2026\\\/09\\\/yamal-scaled.webp\",\"contentUrl\":\"https:\\\/\\\/beltv.net\\\/wp-content\\\/uploads\\\/2026\\\/09\\\/yamal-scaled.webp\",\"width\":2560,\"height\":1440},{\"@type\":\"BreadcrumbList\",\"@id\":\"https:\\\/\\\/beltv.net\\\/fc-barcelone-lamine-yamal-incertain-pour-le-deplacement-a-valence\\\/#breadcrumb\",\"itemListElement\":[{\"@type\":\"ListItem\",\"position\":1,\"name\":\"Home\",\"item\":\"https:\\\/\\\/beltv.net\\\/\"},{\"@type\":\"ListItem\",\"position\":2,\"name\":\"FC Barcelone : Lamine Yamal incertain pour le d\u00e9placement \u00e0 Valence\"}]},{\"@type\":\"WebSite\",\"@id\":\"http:\\\/\\\/beltv.net\\\/#website\",\"url\":\"http:\\\/\\\/beltv.net\\\/\",\"name\":\"BEL TV\",\"description\":\"Vous allez adorer la t\u00e9l\u00e9 !\",\"publisher\":{\"@id\":\"http:\\\/\\\/beltv.net\\\/#organization\"},\"potentialAction\":[{\"@type\":\"SearchAction\",\"target\":{\"@type\":\"EntryPoint\",\"urlTemplate\":\"http:\\\/\\\/beltv.net\\\/?s={search_term_string}\"},\"query-input\":{\"@type\":\"PropertyValueSpecification\",\"valueRequired\":true,\"valueName\":\"search_term_string\"}}],\"inLanguage\":\"en-US\"},{\"@type\":\"Organization\",\"@id\":\"http:\\\/\\\/beltv.net\\\/#organization\",\"name\":\"BEL TV\",\"url\":\"http:\\\/\\\/beltv.net\\\/\",\"logo\":{\"@type\":\"ImageObject\",\"inLanguage\":\"en-US\",\"@id\":\"http:\\\/\\\/beltv.net\\\/#\\\/schema\\\/logo\\\/image\\\/\",\"url\":\"https:\\\/\\\/beltv.net\\\/wp-content\\\/uploads\\\/2025\\\/05\\\/350x100-bel-tv.jpg\",\"contentUrl\":\"https:\\\/\\\/beltv.net\\\/wp-content\\\/uploads\\\/2025\\\/05\\\/350x100-bel-tv.jpg\",\"width\":350,\"height\":100,\"caption\":\"BEL TV\"},\"image\":{\"@id\":\"http:\\\/\\\/beltv.net\\\/#\\\/schema\\\/logo\\\/image\\\/\"}},{\"@type\":\"Person\",\"@id\":\"http:\\\/\\\/beltv.net\\\/#\\\/schema\\\/person\\\/e31be35f928f7456239e5858803c7b95\",\"name\":\"beltvhaiti\",\"image\":{\"@type\":\"ImageObject\",\"inLanguage\":\"en-US\",\"@id\":\"https:\\\/\\\/secure.gravatar.com\\\/avatar\\\/4d7d5f771f8d32d6007f8c2310e8f05eb8d254f895e486a575c41a02f4dffdda?s=96&d=mm&r=g\",\"url\":\"https:\\\/\\\/secure.gravatar.com\\\/avatar\\\/4d7d5f771f8d32d6007f8c2310e8f05eb8d254f895e486a575c41a02f4dffdda?s=96&d=mm&r=g\",\"contentUrl\":\"https:\\\/\\\/secure.gravatar.com\\\/avatar\\\/4d7d5f771f8d32d6007f8c2310e8f05eb8d254f895e486a575c41a02f4dffdda?s=96&d=mm&r=g\",\"caption\":\"beltvhaiti\"},\"sameAs\":[\"http:\\\/\\\/www.beltv.net\"],\"url\":\"https:\\\/\\\/beltv.net\\\/en\\\/author\\\/mmertilien\\\/\"}]}<\/script>\n<!-- \/ Yoast SEO plugin. -->","yoast_head_json":{"title":"FC Barcelone : Lamine Yamal incertain pour le d\u00e9placement \u00e0 Valence - BEL TV","robots":{"index":"index","follow":"follow","max-snippet":"max-snippet:-1","max-image-preview":"max-image-preview:large","max-video-preview":"max-video-preview:-1"},"canonical":"https:\/\/beltv.net\/en\/fc-barcelone-lamine-yamal-incertain-pour-le-deplacement-a-valence\/","og_locale":"en_US","og_type":"article","og_title":"FC Barcelone : Lamine Yamal incertain pour le d\u00e9placement \u00e0 Valence - BEL TV","og_description":"Touch\u00e9 apr\u00e8s avoir re\u00e7u un coup, Lamine Yamal n\u2019a pas particip\u00e9 \u00e0 l\u2019entra\u00eenement collectif du FC Barcelone. Il fera le voyage \u00e0 Valence, mais sa pr\u00e9sence sur le terrain reste incertaine. Lamine Yamal a suscit\u00e9 l\u2019inqui\u00e9tude des supporters du FC Barcelone en manquant la s\u00e9ance collective organis\u00e9e avant le d\u00e9placement \u00e0 Mestalla. Le jeune attaquant [&hellip;]","og_url":"https:\/\/beltv.net\/en\/fc-barcelone-lamine-yamal-incertain-pour-le-deplacement-a-valence\/","og_site_name":"BEL TV","article_published_time":"2026-09-05T14:43:22+00:00","og_image":[{"width":2560,"height":1440,"url":"https:\/\/beltv.net\/wp-content\/uploads\/2026\/09\/yamal-scaled.webp","type":"image\/webp"}],"author":"beltvhaiti","twitter_card":"summary_large_image","twitter_misc":{"Written by":"beltvhaiti","Est. reading time":"2 minutes"},"schema":{"@context":"https:\/\/schema.org","@graph":[{"@type":"Article","@id":"https:\/\/beltv.net\/fc-barcelone-lamine-yamal-incertain-pour-le-deplacement-a-valence\/#article","isPartOf":{"@id":"https:\/\/beltv.net\/fc-barcelone-lamine-yamal-incertain-pour-le-deplacement-a-valence\/"},"author":{"name":"beltvhaiti","@id":"http:\/\/beltv.net\/#\/schema\/person\/e31be35f928f7456239e5858803c7b95"},"headline":"FC Barcelone : Lamine Yamal incertain pour le d\u00e9placement \u00e0 Valence","datePublished":"2026-09-05T14:43:22+00:00","mainEntityOfPage":{"@id":"https:\/\/beltv.net\/fc-barcelone-lamine-yamal-incertain-pour-le-deplacement-a-valence\/"},"wordCount":354,"commentCount":0,"publisher":{"@id":"http:\/\/beltv.net\/#organization"},"image":{"@id":"https:\/\/beltv.net\/fc-barcelone-lamine-yamal-incertain-pour-le-deplacement-a-valence\/#primaryimage"},"thumbnailUrl":"https:\/\/beltv.net\/wp-content\/uploads\/2026\/09\/yamal-scaled.webp","articleSection":["Actualit\u00e9","Football","International","Sport"],"inLanguage":"en-US","potentialAction":[{"@type":"CommentAction","name":"Comment","target":["https:\/\/beltv.net\/fc-barcelone-lamine-yamal-incertain-pour-le-deplacement-a-valence\/#respond"]}]},{"@type":"WebPage","@id":"https:\/\/beltv.net\/fc-barcelone-lamine-yamal-incertain-pour-le-deplacement-a-valence\/","url":"https:\/\/beltv.net\/fc-barcelone-lamine-yamal-incertain-pour-le-deplacement-a-valence\/","name":"FC Barcelone : Lamine Yamal incertain pour le d\u00e9placement \u00e0 Valence - BEL TV","isPartOf":{"@id":"http:\/\/beltv.net\/#website"},"primaryImageOfPage":{"@id":"https:\/\/beltv.net\/fc-barcelone-lamine-yamal-incertain-pour-le-deplacement-a-valence\/#primaryimage"},"image":{"@id":"https:\/\/beltv.net\/fc-barcelone-lamine-yamal-incertain-pour-le-deplacement-a-valence\/#primaryimage"},"thumbnailUrl":"https:\/\/beltv.net\/wp-content\/uploads\/2026\/09\/yamal-scaled.webp","datePublished":"2026-09-05T14:43:22+00:00","breadcrumb":{"@id":"https:\/\/beltv.net\/fc-barcelone-lamine-yamal-incertain-pour-le-deplacement-a-valence\/#breadcrumb"},"inLanguage":"en-US","potentialAction":[{"@type":"ReadAction","target":["https:\/\/beltv.net\/fc-barcelone-lamine-yamal-incertain-pour-le-deplacement-a-valence\/"]}]},{"@type":"ImageObject","inLanguage":"en-US","@id":"https:\/\/beltv.net\/fc-barcelone-lamine-yamal-incertain-pour-le-deplacement-a-valence\/#primaryimage","url":"https:\/\/beltv.net\/wp-content\/uploads\/2026\/09\/yamal-scaled.webp","contentUrl":"https:\/\/beltv.net\/wp-content\/uploads\/2026\/09\/yamal-scaled.webp","width":2560,"height":1440},{"@type":"BreadcrumbList","@id":"https:\/\/beltv.net\/fc-barcelone-lamine-yamal-incertain-pour-le-deplacement-a-valence\/#breadcrumb","itemListElement":[{"@type":"ListItem","position":1,"name":"Home","item":"https:\/\/beltv.net\/"},{"@type":"ListItem","position":2,"name":"FC Barcelone : Lamine Yamal incertain pour le d\u00e9placement \u00e0 Valence"}]},{"@type":"WebSite","@id":"http:\/\/beltv.net\/#website","url":"http:\/\/beltv.net\/","name":"BEL TV","description":"Vous allez adorer la t\u00e9l\u00e9 !","publisher":{"@id":"http:\/\/beltv.net\/#organization"},"potentialAction":[{"@type":"SearchAction","target":{"@type":"EntryPoint","urlTemplate":"http:\/\/beltv.net\/?s={search_term_string}"},"query-input":{"@type":"PropertyValueSpecification","valueRequired":true,"valueName":"search_term_string"}}],"inLanguage":"en-US"},{"@type":"Organization","@id":"http:\/\/beltv.net\/#organization","name":"BEL TV","url":"http:\/\/beltv.net\/","logo":{"@type":"ImageObject","inLanguage":"en-US","@id":"http:\/\/beltv.net\/#\/schema\/logo\/image\/","url":"https:\/\/beltv.net\/wp-content\/uploads\/2025\/05\/350x100-bel-tv.jpg","contentUrl":"https:\/\/beltv.net\/wp-content\/uploads\/2025\/05\/350x100-bel-tv.jpg","width":350,"height":100,"caption":"BEL TV"},"image":{"@id":"http:\/\/beltv.net\/#\/schema\/logo\/image\/"}},{"@type":"Person","@id":"http:\/\/beltv.net\/#\/schema\/person\/e31be35f928f7456239e5858803c7b95","name":"beltvhaiti","image":{"@type":"ImageObject","inLanguage":"en-US","@id":"https:\/\/secure.gravatar.com\/avatar\/4d7d5f771f8d32d6007f8c2310e8f05eb8d254f895e486a575c41a02f4dffdda?s=96&d=mm&r=g","url":"https:\/\/secure.gravatar.com\/avatar\/4d7d5f771f8d32d6007f8c2310e8f05eb8d254f895e486a575c41a02f4dffdda?s=96&d=mm&r=g","contentUrl":"https:\/\/secure.gravatar.com\/avatar\/4d7d5f771f8d32d6007f8c2310e8f05eb8d254f895e486a575c41a02f4dffdda?s=96&d=mm&r=g","caption":"beltvhaiti"},"sameAs":["http:\/\/www.beltv.net"],"url":"https:\/\/beltv.net\/en\/author\/mmertilien\/"}]}},"brizy_media":[],"_links":{"self":[{"href":"https:\/\/beltv.net\/en\/wp-json\/wp\/v2\/posts\/6727","targetHints":{"allow":["GET"]}}],"collection":[{"href":"https:\/\/beltv.net\/en\/wp-json\/wp\/v2\/posts"}],"about":[{"href":"https:\/\/beltv.net\/en\/wp-json\/wp\/v2\/types\/post"}],"author":[{"embeddable":true,"href":"https:\/\/beltv.net\/en\/wp-json\/wp\/v2\/users\/2"}],"replies":[{"embeddable":true,"href":"https:\/\/beltv.net\/en\/wp-json\/wp\/v2\/comments?post=6727"}],"version-history":[{"count":2,"href":"https:\/\/beltv.net\/en\/wp-json\/wp\/v2\/posts\/6727\/revisions"}],"predecessor-version":[{"id":6729,"href":"https:\/\/beltv.net\/en\/wp-json\/wp\/v2\/posts\/6727\/revisions\/6729"}],"wp:featuredmedia":[{"embeddable":true,"href":"https:\/\/beltv.net\/en\/wp-json\/wp\/v2\/media\/6726"}],"wp:attachment":[{"href":"https:\/\/beltv.net\/en\/wp-json\/wp\/v2\/media?parent=6727"}],"wp:term":[{"taxonomy":"category","embeddable":true,"href":"https:\/\/beltv.net\/en\/wp-json\/wp\/v2\/categories?post=6727"},{"taxonomy":"post_tag","embeddable":true,"href":"https:\/\/beltv.net\/en\/wp-json\/wp\/v2\/tags?post=6727"}],"curies":[{"name":"wp","href":"https:\/\/api.w.org\/{rel}","templated":true}]}}