{"id":6717,"date":"2026-09-05T14:34:05","date_gmt":"2026-09-05T14:34:05","guid":{"rendered":"https:\/\/beltv.net\/?p=6717"},"modified":"2026-09-05T14:34:05","modified_gmt":"2026-09-05T14:34:05","slug":"real-madrid-battu-par-le-betis-jose-mourinho-peine-a-expliquer-cette-premiere-defaite","status":"publish","type":"post","link":"https:\/\/beltv.net\/en\/real-madrid-battu-par-le-betis-jose-mourinho-peine-a-expliquer-cette-premiere-defaite\/","title":{"rendered":"Real Madrid battu par le Betis : Jos\u00e9 Mourinho peine \u00e0 expliquer cette premi\u00e8re d\u00e9faite"},"content":{"rendered":"<p><!-- BEL TV \u2014 Collez ce bloc dans un widget HTML Elementor ou l\u2019\u00e9diteur WordPress. --><\/p>\n<p style=\"text-align: justify;\"><img loading=\"lazy\" decoding=\"async\" class=\"alignnone  wp-image-6718\" src=\"https:\/\/beltv.net\/wp-content\/uploads\/2026\/09\/jose-300x169.webp\" alt=\"\" width=\"999\" height=\"563\" srcset=\"https:\/\/beltv.net\/wp-content\/uploads\/2026\/09\/jose-300x169.webp 300w, https:\/\/beltv.net\/wp-content\/uploads\/2026\/09\/jose-1024x576.webp 1024w, https:\/\/beltv.net\/wp-content\/uploads\/2026\/09\/jose-768x432.webp 768w, https:\/\/beltv.net\/wp-content\/uploads\/2026\/09\/jose-18x10.webp 18w, https:\/\/beltv.net\/wp-content\/uploads\/2026\/09\/jose-600x338.webp 600w, https:\/\/beltv.net\/wp-content\/uploads\/2026\/09\/jose.webp 1200w\" sizes=\"auto, (max-width: 999px) 100vw, 999px\" \/><\/p>\n<article class=\"beltv-article\" lang=\"fr\">\n<div class=\"beltv-topbar\" style=\"text-align: justify;\"><\/div>\n<header class=\"beltv-hero\">\n<h4><span style=\"text-align: justify; font-size: 16px;\">Le Real Madrid a conc\u00e9d\u00e9 sa premi\u00e8re d\u00e9faite de la saison en s\u2019inclinant 1-0 sur la pelouse du Betis. Malgr\u00e9 la domination de son \u00e9quipe, Jos\u00e9 Mourinho estime que ses joueurs m\u00e9ritaient un meilleur r\u00e9sultat.<\/span><\/h4>\n<p>&nbsp;<\/p>\n<\/header>\n<div class=\"beltv-content\">\n<p style=\"text-align: justify;\">Le Real Madrid a connu son premier revers sous les ordres de Jos\u00e9 Mourinho. Oppos\u00e9s au Betis vendredi soir, lors de la quatri\u00e8me journ\u00e9e de Liga, les Madril\u00e8nes se sont inclin\u00e9s sur la plus petite des marges apr\u00e8s un but inscrit par l\u2019attaquant irlandais Troy Parrott \u00e0 la 81e minute.<\/p>\n<p style=\"text-align: justify;\">Le club madril\u00e8ne pensait avoir \u00e9galis\u00e9 quelques minutes plus tard gr\u00e2ce \u00e0 Carlos Esp\u00ed, mais le but de l\u2019attaquant espagnol a finalement \u00e9t\u00e9 annul\u00e9 pour une position de hors-jeu.<\/p>\n<p style=\"text-align: justify;\">Dans le temps additionnel, Kylian Mbapp\u00e9 a eu l\u2019occasion de remettre les deux \u00e9quipes \u00e0 \u00e9galit\u00e9 sur penalty. L\u2019international fran\u00e7ais n\u2019est toutefois pas parvenu \u00e0 transformer cette opportunit\u00e9, scellant ainsi la victoire du Betis.<\/p>\n<h2 style=\"text-align: justify;\">Mourinho ne comprend pas cette d\u00e9faite<\/h2>\n<p style=\"text-align: justify;\">Pr\u00e9sent en conf\u00e9rence de presse apr\u00e8s la rencontre, Jos\u00e9 Mourinho a exprim\u00e9 sa frustration. L\u2019entra\u00eeneur portugais consid\u00e8re que son \u00e9quipe a livr\u00e9 une prestation convaincante malgr\u00e9 le r\u00e9sultat n\u00e9gatif.<\/p>\n<blockquote class=\"beltv-quote\"><p>Parfois, on perd et on ne sait pas comment l\u2019expliquer.<\/p><\/blockquote>\n<p style=\"text-align: justify;\">Le technicien a soulign\u00e9 la domination du Real Madrid, la solidit\u00e9 de ses d\u00e9fenseurs centraux et les nombreuses situations offensives cr\u00e9\u00e9es. Selon lui, m\u00eame un match nul aurait \u00e9t\u00e9 difficile \u00e0 accepter au regard de la physionomie de la rencontre.<\/p>\n<h2 style=\"text-align: justify;\">\u00ab Collectivement, nous avons tr\u00e8s bien jou\u00e9 \u00bb<\/h2>\n<p style=\"text-align: justify;\">Jos\u00e9 Mourinho a tenu \u00e0 d\u00e9fendre l\u2019attitude de ses joueurs. Il affirme n\u2019avoir aucun reproche \u00e0 leur faire concernant leur engagement ou leur comportement sur le terrain.<\/p>\n<blockquote class=\"beltv-quote\"><p>Nous m\u00e9ritions de gagner, mais le m\u00e9rite ne rapporte pas de points.<\/p><\/blockquote>\n<p style=\"text-align: justify;\">Mourinho a \u00e9galement apport\u00e9 son soutien \u00e0 Kylian Mbapp\u00e9 apr\u00e8s son penalty manqu\u00e9. Pour lui, toute l\u2019\u00e9quipe doit assumer cet \u00e9chec aux c\u00f4t\u00e9s de l\u2019attaquant fran\u00e7ais.<\/p>\n<p style=\"text-align: justify;\">L\u2019entra\u00eeneur portugais a rappel\u00e9 que le Real Madrid s\u2019\u00e9tait procur\u00e9 plusieurs occasions franches, mais s\u2019\u00e9tait heurt\u00e9 \u00e0 un gardien adverse particuli\u00e8rement efficace. Le portier du Betis a notamment r\u00e9alis\u00e9 plusieurs arr\u00eats d\u00e9cisifs pour pr\u00e9server l\u2019avantage de son \u00e9quipe.<\/p>\n<p style=\"text-align: justify;\">Apr\u00e8s cette d\u00e9faite, le Real Madrid occupe provisoirement la deuxi\u00e8me place du classement avec neuf points sur douze possibles, en attendant les autres rencontres de la journ\u00e9e.<\/p>\n<p class=\"beltv-source\" style=\"text-align: justify;\"><strong>Source :<\/strong> Sport365<\/p>\n<\/div>\n<\/article>\n<script>function PlayerjsAsync(){} if(window[\"Playerjs\"]){PlayerjsAsync();}<\/script>","protected":false},"excerpt":{"rendered":"<p>Le Real Madrid a conc\u00e9d\u00e9 sa premi\u00e8re d\u00e9faite de la saison en s\u2019inclinant 1-0 sur la pelouse du Betis. Malgr\u00e9 la domination de son \u00e9quipe, Jos\u00e9 Mourinho estime que ses joueurs m\u00e9ritaient un meilleur r\u00e9sultat. &nbsp; Le Real Madrid a connu son premier revers sous les ordres de Jos\u00e9 Mourinho. Oppos\u00e9s au Betis vendredi soir, [&hellip;]<\/p>\n","protected":false},"author":2,"featured_media":6718,"comment_status":"open","ping_status":"open","sticky":false,"template":"","format":"standard","meta":{"googlesitekit_rrm_CAowp5XfCw:productID":"","footnotes":""},"categories":[97,111,103,109],"tags":[],"class_list":["post-6717","post","type-post","status-publish","format-standard","has-post-thumbnail","hentry","category-actualite","category-football","category-international","category-sport"],"yoast_head":"<!-- This site is optimized with the Yoast SEO plugin v28.3 - https:\/\/yoast.com\/product\/yoast-seo-wordpress\/ -->\n<title>Real Madrid battu par le Betis : Jos\u00e9 Mourinho peine \u00e0 expliquer cette premi\u00e8re d\u00e9faite - BEL TV<\/title>\n<meta name=\"robots\" content=\"index, follow, max-snippet:-1, max-image-preview:large, max-video-preview:-1\" \/>\n<link rel=\"canonical\" href=\"https:\/\/beltv.net\/en\/real-madrid-battu-par-le-betis-jose-mourinho-peine-a-expliquer-cette-premiere-defaite\/\" \/>\n<meta property=\"og:locale\" content=\"en_US\" \/>\n<meta property=\"og:type\" content=\"article\" \/>\n<meta property=\"og:title\" content=\"Real Madrid battu par le Betis : Jos\u00e9 Mourinho peine \u00e0 expliquer cette premi\u00e8re d\u00e9faite - BEL TV\" \/>\n<meta property=\"og:description\" content=\"Le Real Madrid a conc\u00e9d\u00e9 sa premi\u00e8re d\u00e9faite de la saison en s\u2019inclinant 1-0 sur la pelouse du Betis. Malgr\u00e9 la domination de son \u00e9quipe, Jos\u00e9 Mourinho estime que ses joueurs m\u00e9ritaient un meilleur r\u00e9sultat. &nbsp; Le Real Madrid a connu son premier revers sous les ordres de Jos\u00e9 Mourinho. Oppos\u00e9s au Betis vendredi soir, [&hellip;]\" \/>\n<meta property=\"og:url\" content=\"https:\/\/beltv.net\/en\/real-madrid-battu-par-le-betis-jose-mourinho-peine-a-expliquer-cette-premiere-defaite\/\" \/>\n<meta property=\"og:site_name\" content=\"BEL TV\" \/>\n<meta property=\"article:published_time\" content=\"2026-09-05T14:34:05+00:00\" \/>\n<meta property=\"og:image\" content=\"https:\/\/beltv.net\/wp-content\/uploads\/2026\/09\/jose.webp\" \/>\n\t<meta property=\"og:image:width\" content=\"1200\" \/>\n\t<meta property=\"og:image:height\" content=\"675\" \/>\n\t<meta property=\"og:image:type\" content=\"image\/webp\" \/>\n<meta name=\"author\" content=\"beltvhaiti\" \/>\n<meta name=\"twitter:card\" content=\"summary_large_image\" \/>\n<meta name=\"twitter:label1\" content=\"Written by\" \/>\n\t<meta name=\"twitter:data1\" content=\"beltvhaiti\" \/>\n\t<meta name=\"twitter:label2\" content=\"Est. reading time\" \/>\n\t<meta name=\"twitter:data2\" content=\"2 minutes\" \/>\n<script type=\"application\/ld+json\" class=\"yoast-schema-graph\">{\"@context\":\"https:\\\/\\\/schema.org\",\"@graph\":[{\"@type\":\"Article\",\"@id\":\"https:\\\/\\\/beltv.net\\\/real-madrid-battu-par-le-betis-jose-mourinho-peine-a-expliquer-cette-premiere-defaite\\\/#article\",\"isPartOf\":{\"@id\":\"https:\\\/\\\/beltv.net\\\/real-madrid-battu-par-le-betis-jose-mourinho-peine-a-expliquer-cette-premiere-defaite\\\/\"},\"author\":{\"name\":\"beltvhaiti\",\"@id\":\"http:\\\/\\\/beltv.net\\\/#\\\/schema\\\/person\\\/e31be35f928f7456239e5858803c7b95\"},\"headline\":\"Real Madrid battu par le Betis : Jos\u00e9 Mourinho peine \u00e0 expliquer cette premi\u00e8re d\u00e9faite\",\"datePublished\":\"2026-09-05T14:34:05+00:00\",\"mainEntityOfPage\":{\"@id\":\"https:\\\/\\\/beltv.net\\\/real-madrid-battu-par-le-betis-jose-mourinho-peine-a-expliquer-cette-premiere-defaite\\\/\"},\"wordCount\":437,\"commentCount\":0,\"publisher\":{\"@id\":\"http:\\\/\\\/beltv.net\\\/#organization\"},\"image\":{\"@id\":\"https:\\\/\\\/beltv.net\\\/real-madrid-battu-par-le-betis-jose-mourinho-peine-a-expliquer-cette-premiere-defaite\\\/#primaryimage\"},\"thumbnailUrl\":\"https:\\\/\\\/beltv.net\\\/wp-content\\\/uploads\\\/2026\\\/09\\\/jose.webp\",\"articleSection\":[\"Actualit\u00e9\",\"Football\",\"International\",\"Sport\"],\"inLanguage\":\"en-US\",\"potentialAction\":[{\"@type\":\"CommentAction\",\"name\":\"Comment\",\"target\":[\"https:\\\/\\\/beltv.net\\\/real-madrid-battu-par-le-betis-jose-mourinho-peine-a-expliquer-cette-premiere-defaite\\\/#respond\"]}]},{\"@type\":\"WebPage\",\"@id\":\"https:\\\/\\\/beltv.net\\\/real-madrid-battu-par-le-betis-jose-mourinho-peine-a-expliquer-cette-premiere-defaite\\\/\",\"url\":\"https:\\\/\\\/beltv.net\\\/real-madrid-battu-par-le-betis-jose-mourinho-peine-a-expliquer-cette-premiere-defaite\\\/\",\"name\":\"Real Madrid battu par le Betis : Jos\u00e9 Mourinho peine \u00e0 expliquer cette premi\u00e8re d\u00e9faite - BEL TV\",\"isPartOf\":{\"@id\":\"http:\\\/\\\/beltv.net\\\/#website\"},\"primaryImageOfPage\":{\"@id\":\"https:\\\/\\\/beltv.net\\\/real-madrid-battu-par-le-betis-jose-mourinho-peine-a-expliquer-cette-premiere-defaite\\\/#primaryimage\"},\"image\":{\"@id\":\"https:\\\/\\\/beltv.net\\\/real-madrid-battu-par-le-betis-jose-mourinho-peine-a-expliquer-cette-premiere-defaite\\\/#primaryimage\"},\"thumbnailUrl\":\"https:\\\/\\\/beltv.net\\\/wp-content\\\/uploads\\\/2026\\\/09\\\/jose.webp\",\"datePublished\":\"2026-09-05T14:34:05+00:00\",\"breadcrumb\":{\"@id\":\"https:\\\/\\\/beltv.net\\\/real-madrid-battu-par-le-betis-jose-mourinho-peine-a-expliquer-cette-premiere-defaite\\\/#breadcrumb\"},\"inLanguage\":\"en-US\",\"potentialAction\":[{\"@type\":\"ReadAction\",\"target\":[\"https:\\\/\\\/beltv.net\\\/real-madrid-battu-par-le-betis-jose-mourinho-peine-a-expliquer-cette-premiere-defaite\\\/\"]}]},{\"@type\":\"ImageObject\",\"inLanguage\":\"en-US\",\"@id\":\"https:\\\/\\\/beltv.net\\\/real-madrid-battu-par-le-betis-jose-mourinho-peine-a-expliquer-cette-premiere-defaite\\\/#primaryimage\",\"url\":\"https:\\\/\\\/beltv.net\\\/wp-content\\\/uploads\\\/2026\\\/09\\\/jose.webp\",\"contentUrl\":\"https:\\\/\\\/beltv.net\\\/wp-content\\\/uploads\\\/2026\\\/09\\\/jose.webp\",\"width\":1200,\"height\":675},{\"@type\":\"BreadcrumbList\",\"@id\":\"https:\\\/\\\/beltv.net\\\/real-madrid-battu-par-le-betis-jose-mourinho-peine-a-expliquer-cette-premiere-defaite\\\/#breadcrumb\",\"itemListElement\":[{\"@type\":\"ListItem\",\"position\":1,\"name\":\"Home\",\"item\":\"https:\\\/\\\/beltv.net\\\/\"},{\"@type\":\"ListItem\",\"position\":2,\"name\":\"Real Madrid battu par le Betis : Jos\u00e9 Mourinho peine \u00e0 expliquer cette premi\u00e8re d\u00e9faite\"}]},{\"@type\":\"WebSite\",\"@id\":\"http:\\\/\\\/beltv.net\\\/#website\",\"url\":\"http:\\\/\\\/beltv.net\\\/\",\"name\":\"BEL TV\",\"description\":\"Vous allez adorer la t\u00e9l\u00e9 !\",\"publisher\":{\"@id\":\"http:\\\/\\\/beltv.net\\\/#organization\"},\"potentialAction\":[{\"@type\":\"SearchAction\",\"target\":{\"@type\":\"EntryPoint\",\"urlTemplate\":\"http:\\\/\\\/beltv.net\\\/?s={search_term_string}\"},\"query-input\":{\"@type\":\"PropertyValueSpecification\",\"valueRequired\":true,\"valueName\":\"search_term_string\"}}],\"inLanguage\":\"en-US\"},{\"@type\":\"Organization\",\"@id\":\"http:\\\/\\\/beltv.net\\\/#organization\",\"name\":\"BEL TV\",\"url\":\"http:\\\/\\\/beltv.net\\\/\",\"logo\":{\"@type\":\"ImageObject\",\"inLanguage\":\"en-US\",\"@id\":\"http:\\\/\\\/beltv.net\\\/#\\\/schema\\\/logo\\\/image\\\/\",\"url\":\"https:\\\/\\\/beltv.net\\\/wp-content\\\/uploads\\\/2025\\\/05\\\/350x100-bel-tv.jpg\",\"contentUrl\":\"https:\\\/\\\/beltv.net\\\/wp-content\\\/uploads\\\/2025\\\/05\\\/350x100-bel-tv.jpg\",\"width\":350,\"height\":100,\"caption\":\"BEL TV\"},\"image\":{\"@id\":\"http:\\\/\\\/beltv.net\\\/#\\\/schema\\\/logo\\\/image\\\/\"}},{\"@type\":\"Person\",\"@id\":\"http:\\\/\\\/beltv.net\\\/#\\\/schema\\\/person\\\/e31be35f928f7456239e5858803c7b95\",\"name\":\"beltvhaiti\",\"image\":{\"@type\":\"ImageObject\",\"inLanguage\":\"en-US\",\"@id\":\"https:\\\/\\\/secure.gravatar.com\\\/avatar\\\/4d7d5f771f8d32d6007f8c2310e8f05eb8d254f895e486a575c41a02f4dffdda?s=96&d=mm&r=g\",\"url\":\"https:\\\/\\\/secure.gravatar.com\\\/avatar\\\/4d7d5f771f8d32d6007f8c2310e8f05eb8d254f895e486a575c41a02f4dffdda?s=96&d=mm&r=g\",\"contentUrl\":\"https:\\\/\\\/secure.gravatar.com\\\/avatar\\\/4d7d5f771f8d32d6007f8c2310e8f05eb8d254f895e486a575c41a02f4dffdda?s=96&d=mm&r=g\",\"caption\":\"beltvhaiti\"},\"sameAs\":[\"http:\\\/\\\/www.beltv.net\"],\"url\":\"https:\\\/\\\/beltv.net\\\/en\\\/author\\\/mmertilien\\\/\"}]}<\/script>\n<!-- \/ Yoast SEO plugin. -->","yoast_head_json":{"title":"Real Madrid battu par le Betis : Jos\u00e9 Mourinho peine \u00e0 expliquer cette premi\u00e8re d\u00e9faite - BEL TV","robots":{"index":"index","follow":"follow","max-snippet":"max-snippet:-1","max-image-preview":"max-image-preview:large","max-video-preview":"max-video-preview:-1"},"canonical":"https:\/\/beltv.net\/en\/real-madrid-battu-par-le-betis-jose-mourinho-peine-a-expliquer-cette-premiere-defaite\/","og_locale":"en_US","og_type":"article","og_title":"Real Madrid battu par le Betis : Jos\u00e9 Mourinho peine \u00e0 expliquer cette premi\u00e8re d\u00e9faite - BEL TV","og_description":"Le Real Madrid a conc\u00e9d\u00e9 sa premi\u00e8re d\u00e9faite de la saison en s\u2019inclinant 1-0 sur la pelouse du Betis. Malgr\u00e9 la domination de son \u00e9quipe, Jos\u00e9 Mourinho estime que ses joueurs m\u00e9ritaient un meilleur r\u00e9sultat. &nbsp; Le Real Madrid a connu son premier revers sous les ordres de Jos\u00e9 Mourinho. Oppos\u00e9s au Betis vendredi soir, [&hellip;]","og_url":"https:\/\/beltv.net\/en\/real-madrid-battu-par-le-betis-jose-mourinho-peine-a-expliquer-cette-premiere-defaite\/","og_site_name":"BEL TV","article_published_time":"2026-09-05T14:34:05+00:00","og_image":[{"width":1200,"height":675,"url":"https:\/\/beltv.net\/wp-content\/uploads\/2026\/09\/jose.webp","type":"image\/webp"}],"author":"beltvhaiti","twitter_card":"summary_large_image","twitter_misc":{"Written by":"beltvhaiti","Est. reading time":"2 minutes"},"schema":{"@context":"https:\/\/schema.org","@graph":[{"@type":"Article","@id":"https:\/\/beltv.net\/real-madrid-battu-par-le-betis-jose-mourinho-peine-a-expliquer-cette-premiere-defaite\/#article","isPartOf":{"@id":"https:\/\/beltv.net\/real-madrid-battu-par-le-betis-jose-mourinho-peine-a-expliquer-cette-premiere-defaite\/"},"author":{"name":"beltvhaiti","@id":"http:\/\/beltv.net\/#\/schema\/person\/e31be35f928f7456239e5858803c7b95"},"headline":"Real Madrid battu par le Betis : Jos\u00e9 Mourinho peine \u00e0 expliquer cette premi\u00e8re d\u00e9faite","datePublished":"2026-09-05T14:34:05+00:00","mainEntityOfPage":{"@id":"https:\/\/beltv.net\/real-madrid-battu-par-le-betis-jose-mourinho-peine-a-expliquer-cette-premiere-defaite\/"},"wordCount":437,"commentCount":0,"publisher":{"@id":"http:\/\/beltv.net\/#organization"},"image":{"@id":"https:\/\/beltv.net\/real-madrid-battu-par-le-betis-jose-mourinho-peine-a-expliquer-cette-premiere-defaite\/#primaryimage"},"thumbnailUrl":"https:\/\/beltv.net\/wp-content\/uploads\/2026\/09\/jose.webp","articleSection":["Actualit\u00e9","Football","International","Sport"],"inLanguage":"en-US","potentialAction":[{"@type":"CommentAction","name":"Comment","target":["https:\/\/beltv.net\/real-madrid-battu-par-le-betis-jose-mourinho-peine-a-expliquer-cette-premiere-defaite\/#respond"]}]},{"@type":"WebPage","@id":"https:\/\/beltv.net\/real-madrid-battu-par-le-betis-jose-mourinho-peine-a-expliquer-cette-premiere-defaite\/","url":"https:\/\/beltv.net\/real-madrid-battu-par-le-betis-jose-mourinho-peine-a-expliquer-cette-premiere-defaite\/","name":"Real Madrid battu par le Betis : Jos\u00e9 Mourinho peine \u00e0 expliquer cette premi\u00e8re d\u00e9faite - BEL TV","isPartOf":{"@id":"http:\/\/beltv.net\/#website"},"primaryImageOfPage":{"@id":"https:\/\/beltv.net\/real-madrid-battu-par-le-betis-jose-mourinho-peine-a-expliquer-cette-premiere-defaite\/#primaryimage"},"image":{"@id":"https:\/\/beltv.net\/real-madrid-battu-par-le-betis-jose-mourinho-peine-a-expliquer-cette-premiere-defaite\/#primaryimage"},"thumbnailUrl":"https:\/\/beltv.net\/wp-content\/uploads\/2026\/09\/jose.webp","datePublished":"2026-09-05T14:34:05+00:00","breadcrumb":{"@id":"https:\/\/beltv.net\/real-madrid-battu-par-le-betis-jose-mourinho-peine-a-expliquer-cette-premiere-defaite\/#breadcrumb"},"inLanguage":"en-US","potentialAction":[{"@type":"ReadAction","target":["https:\/\/beltv.net\/real-madrid-battu-par-le-betis-jose-mourinho-peine-a-expliquer-cette-premiere-defaite\/"]}]},{"@type":"ImageObject","inLanguage":"en-US","@id":"https:\/\/beltv.net\/real-madrid-battu-par-le-betis-jose-mourinho-peine-a-expliquer-cette-premiere-defaite\/#primaryimage","url":"https:\/\/beltv.net\/wp-content\/uploads\/2026\/09\/jose.webp","contentUrl":"https:\/\/beltv.net\/wp-content\/uploads\/2026\/09\/jose.webp","width":1200,"height":675},{"@type":"BreadcrumbList","@id":"https:\/\/beltv.net\/real-madrid-battu-par-le-betis-jose-mourinho-peine-a-expliquer-cette-premiere-defaite\/#breadcrumb","itemListElement":[{"@type":"ListItem","position":1,"name":"Home","item":"https:\/\/beltv.net\/"},{"@type":"ListItem","position":2,"name":"Real Madrid battu par le Betis : Jos\u00e9 Mourinho peine \u00e0 expliquer cette premi\u00e8re d\u00e9faite"}]},{"@type":"WebSite","@id":"http:\/\/beltv.net\/#website","url":"http:\/\/beltv.net\/","name":"BEL TV","description":"Vous allez adorer la t\u00e9l\u00e9 !","publisher":{"@id":"http:\/\/beltv.net\/#organization"},"potentialAction":[{"@type":"SearchAction","target":{"@type":"EntryPoint","urlTemplate":"http:\/\/beltv.net\/?s={search_term_string}"},"query-input":{"@type":"PropertyValueSpecification","valueRequired":true,"valueName":"search_term_string"}}],"inLanguage":"en-US"},{"@type":"Organization","@id":"http:\/\/beltv.net\/#organization","name":"BEL TV","url":"http:\/\/beltv.net\/","logo":{"@type":"ImageObject","inLanguage":"en-US","@id":"http:\/\/beltv.net\/#\/schema\/logo\/image\/","url":"https:\/\/beltv.net\/wp-content\/uploads\/2025\/05\/350x100-bel-tv.jpg","contentUrl":"https:\/\/beltv.net\/wp-content\/uploads\/2025\/05\/350x100-bel-tv.jpg","width":350,"height":100,"caption":"BEL TV"},"image":{"@id":"http:\/\/beltv.net\/#\/schema\/logo\/image\/"}},{"@type":"Person","@id":"http:\/\/beltv.net\/#\/schema\/person\/e31be35f928f7456239e5858803c7b95","name":"beltvhaiti","image":{"@type":"ImageObject","inLanguage":"en-US","@id":"https:\/\/secure.gravatar.com\/avatar\/4d7d5f771f8d32d6007f8c2310e8f05eb8d254f895e486a575c41a02f4dffdda?s=96&d=mm&r=g","url":"https:\/\/secure.gravatar.com\/avatar\/4d7d5f771f8d32d6007f8c2310e8f05eb8d254f895e486a575c41a02f4dffdda?s=96&d=mm&r=g","contentUrl":"https:\/\/secure.gravatar.com\/avatar\/4d7d5f771f8d32d6007f8c2310e8f05eb8d254f895e486a575c41a02f4dffdda?s=96&d=mm&r=g","caption":"beltvhaiti"},"sameAs":["http:\/\/www.beltv.net"],"url":"https:\/\/beltv.net\/en\/author\/mmertilien\/"}]}},"brizy_media":[],"_links":{"self":[{"href":"https:\/\/beltv.net\/en\/wp-json\/wp\/v2\/posts\/6717","targetHints":{"allow":["GET"]}}],"collection":[{"href":"https:\/\/beltv.net\/en\/wp-json\/wp\/v2\/posts"}],"about":[{"href":"https:\/\/beltv.net\/en\/wp-json\/wp\/v2\/types\/post"}],"author":[{"embeddable":true,"href":"https:\/\/beltv.net\/en\/wp-json\/wp\/v2\/users\/2"}],"replies":[{"embeddable":true,"href":"https:\/\/beltv.net\/en\/wp-json\/wp\/v2\/comments?post=6717"}],"version-history":[{"count":5,"href":"https:\/\/beltv.net\/en\/wp-json\/wp\/v2\/posts\/6717\/revisions"}],"predecessor-version":[{"id":6725,"href":"https:\/\/beltv.net\/en\/wp-json\/wp\/v2\/posts\/6717\/revisions\/6725"}],"wp:featuredmedia":[{"embeddable":true,"href":"https:\/\/beltv.net\/en\/wp-json\/wp\/v2\/media\/6718"}],"wp:attachment":[{"href":"https:\/\/beltv.net\/en\/wp-json\/wp\/v2\/media?parent=6717"}],"wp:term":[{"taxonomy":"category","embeddable":true,"href":"https:\/\/beltv.net\/en\/wp-json\/wp\/v2\/categories?post=6717"},{"taxonomy":"post_tag","embeddable":true,"href":"https:\/\/beltv.net\/en\/wp-json\/wp\/v2\/tags?post=6717"}],"curies":[{"name":"wp","href":"https:\/\/api.w.org\/{rel}","templated":true}]}}