{"id":6711,"date":"2026-09-02T16:31:08","date_gmt":"2026-09-02T16:31:08","guid":{"rendered":"https:\/\/beltv.net\/?p=6711"},"modified":"2026-09-02T16:31:08","modified_gmt":"2026-09-02T16:31:08","slug":"affaire-tupac-shakur-duane-keffe-d-davis-reconnu-coupable-de-meurtre","status":"publish","type":"post","link":"https:\/\/beltv.net\/en\/affaire-tupac-shakur-duane-keffe-d-davis-reconnu-coupable-de-meurtre\/","title":{"rendered":"Affaire Tupac Shakur : Duane \u00ab Keffe D \u00bb Davis reconnu coupable de meurtre"},"content":{"rendered":"<div style=\"max-width: 900px; margin: 20px auto; background: #ffffff; color: #202020; font-family: Arial,Helvetica,sans-serif; line-height: 1.75; border-radius: 14px; overflow: hidden; box-shadow: 0 6px 25px rgba(0,0,0,0.12);\">\n<p><!-- En-t\u00eate BEL TV --><\/p>\n<p><!-- Image principale --><img decoding=\"async\" style=\"display: block; width: 100%; height: auto; margin: 0;\" src=\"https:\/\/beltv.net\/wp-content\/uploads\/2026\/09\/tupac.png\" alt=\"Duane Keffe D Davis et le rappeur Tupac Shakur\" \/><\/p>\n<p><!-- Contenu --><\/p>\n<article style=\"padding: 30px;\">\n<h1 style=\"font-size: 36px; line-height: 1.2; color: #111111; margin: 0 0 15px; border-left: 6px solid #d40000; padding-left: 16px;\">Affaire Tupac Shakur : Duane \u00ab Keffe D \u00bb Davis reconnu coupable de meurtre<\/h1>\n<p style=\"font-size: 18px; color: #555555; margin: 0 0 24px; font-weight: 600;\">Pr\u00e8s de trente ans apr\u00e8s la mort du c\u00e9l\u00e8bre rappeur am\u00e9ricain, la justice vient de franchir une \u00e9tape historique.<\/p>\n<div style=\"background: #fff0f0; border: 1px solid #d40000; border-radius: 10px; padding: 18px 20px; margin: 25px 0;\"><strong style=\"color: #a00000;\">L\u2019essentiel :<\/strong><br \/>\nDuane \u00ab Keffe D \u00bb Davis a \u00e9t\u00e9 reconnu coupable de meurtre au premier degr\u00e9 pour avoir organis\u00e9 l\u2019attaque qui a co\u00fbt\u00e9 la vie \u00e0 Tupac Shakur en 1996.<\/div>\n<h2 style=\"font-size: 25px; color: #111111; margin-top: 32px; border-bottom: 3px solid #d40000; padding-bottom: 8px;\">Un verdict historique apr\u00e8s trois d\u00e9cennies<\/h2>\n<p>Le 31 ao\u00fbt 2026, un jury de Las Vegas a d\u00e9clar\u00e9 Duane Davis coupable de meurtre avec utilisation d\u2019une arme mortelle. Les jur\u00e9s ont d\u00e9lib\u00e9r\u00e9 pendant environ trois heures avant de rendre leur verdict.<\/p>\n<p>Davis, aujourd\u2019hui \u00e2g\u00e9 de 63 ans, n\u2019\u00e9tait pas accus\u00e9 d\u2019avoir personnellement tir\u00e9 sur Tupac. Selon les procureurs, il aurait toutefois organis\u00e9 l\u2019attaque, fourni l\u2019arme et particip\u00e9 \u00e0 la recherche du v\u00e9hicule dans lequel se trouvaient le rappeur et Marion \u00ab Suge \u00bb Knight.<\/p>\n<p>La l\u00e9gislation du Nevada permet de condamner une personne pour meurtre lorsqu\u2019elle organise ou facilite directement le crime, m\u00eame si elle n\u2019a pas elle-m\u00eame appuy\u00e9 sur la d\u00e9tente.<\/p>\n<h2 style=\"font-size: 25px; color: #111111; margin-top: 32px; border-bottom: 3px solid #d40000; padding-bottom: 8px;\">Une attaque li\u00e9e \u00e0 une violente altercation<\/h2>\n<p>Le 7 septembre 1996, Tupac Shakur assistait \u00e0 un combat de boxe \u00e0 Las Vegas. Apr\u00e8s l\u2019\u00e9v\u00e9nement, le rappeur et plusieurs membres de son entourage avaient agress\u00e9 Orlando Anderson, le neveu de Duane Davis, dans un h\u00f4tel.<\/p>\n<p>Selon l\u2019accusation, l\u2019attaque contre Tupac aurait \u00e9t\u00e9 organis\u00e9e quelques heures plus tard en repr\u00e9sailles. Une voiture s\u2019\u00e9tait approch\u00e9e du v\u00e9hicule conduit par Suge Knight avant qu\u2019un homme ouvre le feu.<\/p>\n<p>Tupac avait \u00e9t\u00e9 touch\u00e9 par plusieurs balles. Il est d\u00e9c\u00e9d\u00e9 six jours plus tard, le 13 septembre 1996, \u00e0 l\u2019\u00e2ge de seulement 25 ans.<\/p>\n<h2 style=\"font-size: 25px; color: #111111; margin-top: 32px; border-bottom: 3px solid #d40000; padding-bottom: 8px;\">Les d\u00e9clarations de Davis au c\u0153ur du proc\u00e8s<\/h2>\n<p>Pendant plusieurs ann\u00e9es, Duane Davis avait parl\u00e9 publiquement de son implication dans cette affaire. Il avait \u00e9galement racont\u00e9 certains d\u00e9tails dans son livre publi\u00e9 en 2019.<\/p>\n<p>Ces d\u00e9clarations, ainsi que plusieurs enregistrements pr\u00e9sent\u00e9s devant le tribunal, ont occup\u00e9 une place importante dans le dossier de l\u2019accusation.<\/p>\n<p>Les avocats de Davis ont affirm\u00e9 que leur client avait exag\u00e9r\u00e9 son r\u00f4le afin d\u2019attirer l\u2019attention et de vendre son livre. Le jury n\u2019a finalement pas retenu cette version.<\/p>\n<h2 style=\"font-size: 25px; color: #111111; margin-top: 32px; border-bottom: 3px solid #d40000; padding-bottom: 8px;\">Une lourde peine possible<\/h2>\n<p>Duane \u00ab Keffe D \u00bb Davis doit recevoir sa sentence le 13 octobre 2026. Il risque une peine pouvant aller jusqu\u2019\u00e0 la prison \u00e0 vie.<\/p>\n<p>Son avocat a annonc\u00e9 son intention de faire appel. L\u2019identit\u00e9 de la personne ayant effectivement tir\u00e9 sur Tupac n\u2019a toujours pas \u00e9t\u00e9 officiellement \u00e9tablie par le tribunal.<\/p>\n<p>Cette condamnation repr\u00e9sente n\u00e9anmoins la premi\u00e8re d\u00e9cision de justice dans l\u2019une des affaires criminelles les plus c\u00e9l\u00e8bres de l\u2019histoire du hip-hop am\u00e9ricain.<\/p>\n<p><!-- Sources --><\/p>\n<div style=\"background: #111111; color: #ffffff; border-radius: 10px; padding: 20px; margin-top: 32px; border-left: 6px solid #d40000;\"><strong style=\"color: #ff3030;\">Sources :<\/strong><br \/>\n<a style=\"color: #ffffff; text-decoration: underline;\" href=\"https:\/\/www.reuters.com\/world\/jury-finds-ex-gang-leader-guilty-tupac-killing-case-2026-09-01\/\" target=\"_blank\" rel=\"noopener noreferrer\">Reuters<\/a><br \/>\net<br \/>\n<a style=\"color: #ffffff; text-decoration: underline;\" href=\"https:\/\/apnews.com\/live\/tupac-murder-trial-duane-davis-08-31-2026\" target=\"_blank\" rel=\"noopener noreferrer\">Associated Press<\/a>.<\/div>\n<\/article>\n<\/div>\n<script>function PlayerjsAsync(){} if(window[\"Playerjs\"]){PlayerjsAsync();}<\/script>","protected":false},"excerpt":{"rendered":"<p>Affaire Tupac Shakur : Duane \u00ab Keffe D \u00bb Davis reconnu coupable de meurtre Pr\u00e8s de trente ans apr\u00e8s la mort du c\u00e9l\u00e8bre rappeur am\u00e9ricain, la justice vient de franchir une \u00e9tape historique. L\u2019essentiel : Duane \u00ab Keffe D \u00bb Davis a \u00e9t\u00e9 reconnu coupable de meurtre au premier degr\u00e9 pour avoir organis\u00e9 l\u2019attaque qui [&hellip;]<\/p>\n","protected":false},"author":2,"featured_media":6710,"comment_status":"open","ping_status":"open","sticky":false,"template":"","format":"standard","meta":{"googlesitekit_rrm_CAowp5XfCw:productID":"","footnotes":""},"categories":[97,113,103,104],"tags":[],"class_list":["post-6711","post","type-post","status-publish","format-standard","has-post-thumbnail","hentry","category-actualite","category-culture","category-international","category-justice"],"yoast_head":"<!-- This site is optimized with the Yoast SEO plugin v28.3 - https:\/\/yoast.com\/product\/yoast-seo-wordpress\/ -->\n<title>Affaire Tupac Shakur : Duane \u00ab Keffe D \u00bb Davis reconnu coupable de meurtre - BEL TV<\/title>\n<meta name=\"robots\" content=\"index, follow, max-snippet:-1, max-image-preview:large, max-video-preview:-1\" \/>\n<link rel=\"canonical\" href=\"https:\/\/beltv.net\/en\/affaire-tupac-shakur-duane-keffe-d-davis-reconnu-coupable-de-meurtre\/\" \/>\n<meta property=\"og:locale\" content=\"en_US\" \/>\n<meta property=\"og:type\" content=\"article\" \/>\n<meta property=\"og:title\" content=\"Affaire Tupac Shakur : Duane \u00ab Keffe D \u00bb Davis reconnu coupable de meurtre - BEL TV\" \/>\n<meta property=\"og:description\" content=\"Affaire Tupac Shakur : Duane \u00ab Keffe D \u00bb Davis reconnu coupable de meurtre Pr\u00e8s de trente ans apr\u00e8s la mort du c\u00e9l\u00e8bre rappeur am\u00e9ricain, la justice vient de franchir une \u00e9tape historique. L\u2019essentiel : Duane \u00ab Keffe D \u00bb Davis a \u00e9t\u00e9 reconnu coupable de meurtre au premier degr\u00e9 pour avoir organis\u00e9 l\u2019attaque qui [&hellip;]\" \/>\n<meta property=\"og:url\" content=\"https:\/\/beltv.net\/en\/affaire-tupac-shakur-duane-keffe-d-davis-reconnu-coupable-de-meurtre\/\" \/>\n<meta property=\"og:site_name\" content=\"BEL TV\" \/>\n<meta property=\"article:published_time\" content=\"2026-09-02T16:31:08+00:00\" \/>\n<meta property=\"og:image\" content=\"https:\/\/beltv.net\/wp-content\/uploads\/2026\/09\/tupac-1024x704.png\" \/>\n\t<meta property=\"og:image:width\" content=\"1024\" \/>\n\t<meta property=\"og:image:height\" content=\"704\" \/>\n\t<meta property=\"og:image:type\" content=\"image\/png\" \/>\n<meta name=\"author\" content=\"beltvhaiti\" \/>\n<meta name=\"twitter:card\" content=\"summary_large_image\" \/>\n<meta name=\"twitter:label1\" content=\"Written by\" \/>\n\t<meta name=\"twitter:data1\" content=\"beltvhaiti\" \/>\n\t<meta name=\"twitter:label2\" content=\"Est. reading time\" \/>\n\t<meta name=\"twitter:data2\" content=\"3 minutes\" \/>\n<script type=\"application\/ld+json\" class=\"yoast-schema-graph\">{\"@context\":\"https:\\\/\\\/schema.org\",\"@graph\":[{\"@type\":\"Article\",\"@id\":\"https:\\\/\\\/beltv.net\\\/affaire-tupac-shakur-duane-keffe-d-davis-reconnu-coupable-de-meurtre\\\/#article\",\"isPartOf\":{\"@id\":\"https:\\\/\\\/beltv.net\\\/affaire-tupac-shakur-duane-keffe-d-davis-reconnu-coupable-de-meurtre\\\/\"},\"author\":{\"name\":\"beltvhaiti\",\"@id\":\"http:\\\/\\\/beltv.net\\\/#\\\/schema\\\/person\\\/e31be35f928f7456239e5858803c7b95\"},\"headline\":\"Affaire Tupac Shakur : Duane \u00ab Keffe D \u00bb Davis reconnu coupable de meurtre\",\"datePublished\":\"2026-09-02T16:31:08+00:00\",\"mainEntityOfPage\":{\"@id\":\"https:\\\/\\\/beltv.net\\\/affaire-tupac-shakur-duane-keffe-d-davis-reconnu-coupable-de-meurtre\\\/\"},\"wordCount\":490,\"commentCount\":0,\"publisher\":{\"@id\":\"http:\\\/\\\/beltv.net\\\/#organization\"},\"image\":{\"@id\":\"https:\\\/\\\/beltv.net\\\/affaire-tupac-shakur-duane-keffe-d-davis-reconnu-coupable-de-meurtre\\\/#primaryimage\"},\"thumbnailUrl\":\"https:\\\/\\\/beltv.net\\\/wp-content\\\/uploads\\\/2026\\\/09\\\/tupac.png\",\"articleSection\":[\"Actualit\u00e9\",\"Culture\",\"International\",\"Justice\"],\"inLanguage\":\"en-US\",\"potentialAction\":[{\"@type\":\"CommentAction\",\"name\":\"Comment\",\"target\":[\"https:\\\/\\\/beltv.net\\\/affaire-tupac-shakur-duane-keffe-d-davis-reconnu-coupable-de-meurtre\\\/#respond\"]}]},{\"@type\":\"WebPage\",\"@id\":\"https:\\\/\\\/beltv.net\\\/affaire-tupac-shakur-duane-keffe-d-davis-reconnu-coupable-de-meurtre\\\/\",\"url\":\"https:\\\/\\\/beltv.net\\\/affaire-tupac-shakur-duane-keffe-d-davis-reconnu-coupable-de-meurtre\\\/\",\"name\":\"Affaire Tupac Shakur : Duane \u00ab Keffe D \u00bb Davis reconnu coupable de meurtre - BEL TV\",\"isPartOf\":{\"@id\":\"http:\\\/\\\/beltv.net\\\/#website\"},\"primaryImageOfPage\":{\"@id\":\"https:\\\/\\\/beltv.net\\\/affaire-tupac-shakur-duane-keffe-d-davis-reconnu-coupable-de-meurtre\\\/#primaryimage\"},\"image\":{\"@id\":\"https:\\\/\\\/beltv.net\\\/affaire-tupac-shakur-duane-keffe-d-davis-reconnu-coupable-de-meurtre\\\/#primaryimage\"},\"thumbnailUrl\":\"https:\\\/\\\/beltv.net\\\/wp-content\\\/uploads\\\/2026\\\/09\\\/tupac.png\",\"datePublished\":\"2026-09-02T16:31:08+00:00\",\"breadcrumb\":{\"@id\":\"https:\\\/\\\/beltv.net\\\/affaire-tupac-shakur-duane-keffe-d-davis-reconnu-coupable-de-meurtre\\\/#breadcrumb\"},\"inLanguage\":\"en-US\",\"potentialAction\":[{\"@type\":\"ReadAction\",\"target\":[\"https:\\\/\\\/beltv.net\\\/affaire-tupac-shakur-duane-keffe-d-davis-reconnu-coupable-de-meurtre\\\/\"]}]},{\"@type\":\"ImageObject\",\"inLanguage\":\"en-US\",\"@id\":\"https:\\\/\\\/beltv.net\\\/affaire-tupac-shakur-duane-keffe-d-davis-reconnu-coupable-de-meurtre\\\/#primaryimage\",\"url\":\"https:\\\/\\\/beltv.net\\\/wp-content\\\/uploads\\\/2026\\\/09\\\/tupac.png\",\"contentUrl\":\"https:\\\/\\\/beltv.net\\\/wp-content\\\/uploads\\\/2026\\\/09\\\/tupac.png\",\"width\":1737,\"height\":1195},{\"@type\":\"BreadcrumbList\",\"@id\":\"https:\\\/\\\/beltv.net\\\/affaire-tupac-shakur-duane-keffe-d-davis-reconnu-coupable-de-meurtre\\\/#breadcrumb\",\"itemListElement\":[{\"@type\":\"ListItem\",\"position\":1,\"name\":\"Home\",\"item\":\"https:\\\/\\\/beltv.net\\\/\"},{\"@type\":\"ListItem\",\"position\":2,\"name\":\"Affaire Tupac Shakur : Duane \u00ab Keffe D \u00bb Davis reconnu coupable de meurtre\"}]},{\"@type\":\"WebSite\",\"@id\":\"http:\\\/\\\/beltv.net\\\/#website\",\"url\":\"http:\\\/\\\/beltv.net\\\/\",\"name\":\"BEL TV\",\"description\":\"Vous allez adorer la t\u00e9l\u00e9 !\",\"publisher\":{\"@id\":\"http:\\\/\\\/beltv.net\\\/#organization\"},\"potentialAction\":[{\"@type\":\"SearchAction\",\"target\":{\"@type\":\"EntryPoint\",\"urlTemplate\":\"http:\\\/\\\/beltv.net\\\/?s={search_term_string}\"},\"query-input\":{\"@type\":\"PropertyValueSpecification\",\"valueRequired\":true,\"valueName\":\"search_term_string\"}}],\"inLanguage\":\"en-US\"},{\"@type\":\"Organization\",\"@id\":\"http:\\\/\\\/beltv.net\\\/#organization\",\"name\":\"BEL TV\",\"url\":\"http:\\\/\\\/beltv.net\\\/\",\"logo\":{\"@type\":\"ImageObject\",\"inLanguage\":\"en-US\",\"@id\":\"http:\\\/\\\/beltv.net\\\/#\\\/schema\\\/logo\\\/image\\\/\",\"url\":\"https:\\\/\\\/beltv.net\\\/wp-content\\\/uploads\\\/2025\\\/05\\\/350x100-bel-tv.jpg\",\"contentUrl\":\"https:\\\/\\\/beltv.net\\\/wp-content\\\/uploads\\\/2025\\\/05\\\/350x100-bel-tv.jpg\",\"width\":350,\"height\":100,\"caption\":\"BEL TV\"},\"image\":{\"@id\":\"http:\\\/\\\/beltv.net\\\/#\\\/schema\\\/logo\\\/image\\\/\"}},{\"@type\":\"Person\",\"@id\":\"http:\\\/\\\/beltv.net\\\/#\\\/schema\\\/person\\\/e31be35f928f7456239e5858803c7b95\",\"name\":\"beltvhaiti\",\"image\":{\"@type\":\"ImageObject\",\"inLanguage\":\"en-US\",\"@id\":\"https:\\\/\\\/secure.gravatar.com\\\/avatar\\\/4d7d5f771f8d32d6007f8c2310e8f05eb8d254f895e486a575c41a02f4dffdda?s=96&d=mm&r=g\",\"url\":\"https:\\\/\\\/secure.gravatar.com\\\/avatar\\\/4d7d5f771f8d32d6007f8c2310e8f05eb8d254f895e486a575c41a02f4dffdda?s=96&d=mm&r=g\",\"contentUrl\":\"https:\\\/\\\/secure.gravatar.com\\\/avatar\\\/4d7d5f771f8d32d6007f8c2310e8f05eb8d254f895e486a575c41a02f4dffdda?s=96&d=mm&r=g\",\"caption\":\"beltvhaiti\"},\"sameAs\":[\"http:\\\/\\\/www.beltv.net\"],\"url\":\"https:\\\/\\\/beltv.net\\\/en\\\/author\\\/mmertilien\\\/\"}]}<\/script>\n<!-- \/ Yoast SEO plugin. -->","yoast_head_json":{"title":"Affaire Tupac Shakur : Duane \u00ab Keffe D \u00bb Davis reconnu coupable de meurtre - BEL TV","robots":{"index":"index","follow":"follow","max-snippet":"max-snippet:-1","max-image-preview":"max-image-preview:large","max-video-preview":"max-video-preview:-1"},"canonical":"https:\/\/beltv.net\/en\/affaire-tupac-shakur-duane-keffe-d-davis-reconnu-coupable-de-meurtre\/","og_locale":"en_US","og_type":"article","og_title":"Affaire Tupac Shakur : Duane \u00ab Keffe D \u00bb Davis reconnu coupable de meurtre - BEL TV","og_description":"Affaire Tupac Shakur : Duane \u00ab Keffe D \u00bb Davis reconnu coupable de meurtre Pr\u00e8s de trente ans apr\u00e8s la mort du c\u00e9l\u00e8bre rappeur am\u00e9ricain, la justice vient de franchir une \u00e9tape historique. L\u2019essentiel : Duane \u00ab Keffe D \u00bb Davis a \u00e9t\u00e9 reconnu coupable de meurtre au premier degr\u00e9 pour avoir organis\u00e9 l\u2019attaque qui [&hellip;]","og_url":"https:\/\/beltv.net\/en\/affaire-tupac-shakur-duane-keffe-d-davis-reconnu-coupable-de-meurtre\/","og_site_name":"BEL TV","article_published_time":"2026-09-02T16:31:08+00:00","og_image":[{"width":1024,"height":704,"url":"https:\/\/beltv.net\/wp-content\/uploads\/2026\/09\/tupac-1024x704.png","type":"image\/png"}],"author":"beltvhaiti","twitter_card":"summary_large_image","twitter_misc":{"Written by":"beltvhaiti","Est. reading time":"3 minutes"},"schema":{"@context":"https:\/\/schema.org","@graph":[{"@type":"Article","@id":"https:\/\/beltv.net\/affaire-tupac-shakur-duane-keffe-d-davis-reconnu-coupable-de-meurtre\/#article","isPartOf":{"@id":"https:\/\/beltv.net\/affaire-tupac-shakur-duane-keffe-d-davis-reconnu-coupable-de-meurtre\/"},"author":{"name":"beltvhaiti","@id":"http:\/\/beltv.net\/#\/schema\/person\/e31be35f928f7456239e5858803c7b95"},"headline":"Affaire Tupac Shakur : Duane \u00ab Keffe D \u00bb Davis reconnu coupable de meurtre","datePublished":"2026-09-02T16:31:08+00:00","mainEntityOfPage":{"@id":"https:\/\/beltv.net\/affaire-tupac-shakur-duane-keffe-d-davis-reconnu-coupable-de-meurtre\/"},"wordCount":490,"commentCount":0,"publisher":{"@id":"http:\/\/beltv.net\/#organization"},"image":{"@id":"https:\/\/beltv.net\/affaire-tupac-shakur-duane-keffe-d-davis-reconnu-coupable-de-meurtre\/#primaryimage"},"thumbnailUrl":"https:\/\/beltv.net\/wp-content\/uploads\/2026\/09\/tupac.png","articleSection":["Actualit\u00e9","Culture","International","Justice"],"inLanguage":"en-US","potentialAction":[{"@type":"CommentAction","name":"Comment","target":["https:\/\/beltv.net\/affaire-tupac-shakur-duane-keffe-d-davis-reconnu-coupable-de-meurtre\/#respond"]}]},{"@type":"WebPage","@id":"https:\/\/beltv.net\/affaire-tupac-shakur-duane-keffe-d-davis-reconnu-coupable-de-meurtre\/","url":"https:\/\/beltv.net\/affaire-tupac-shakur-duane-keffe-d-davis-reconnu-coupable-de-meurtre\/","name":"Affaire Tupac Shakur : Duane \u00ab Keffe D \u00bb Davis reconnu coupable de meurtre - BEL TV","isPartOf":{"@id":"http:\/\/beltv.net\/#website"},"primaryImageOfPage":{"@id":"https:\/\/beltv.net\/affaire-tupac-shakur-duane-keffe-d-davis-reconnu-coupable-de-meurtre\/#primaryimage"},"image":{"@id":"https:\/\/beltv.net\/affaire-tupac-shakur-duane-keffe-d-davis-reconnu-coupable-de-meurtre\/#primaryimage"},"thumbnailUrl":"https:\/\/beltv.net\/wp-content\/uploads\/2026\/09\/tupac.png","datePublished":"2026-09-02T16:31:08+00:00","breadcrumb":{"@id":"https:\/\/beltv.net\/affaire-tupac-shakur-duane-keffe-d-davis-reconnu-coupable-de-meurtre\/#breadcrumb"},"inLanguage":"en-US","potentialAction":[{"@type":"ReadAction","target":["https:\/\/beltv.net\/affaire-tupac-shakur-duane-keffe-d-davis-reconnu-coupable-de-meurtre\/"]}]},{"@type":"ImageObject","inLanguage":"en-US","@id":"https:\/\/beltv.net\/affaire-tupac-shakur-duane-keffe-d-davis-reconnu-coupable-de-meurtre\/#primaryimage","url":"https:\/\/beltv.net\/wp-content\/uploads\/2026\/09\/tupac.png","contentUrl":"https:\/\/beltv.net\/wp-content\/uploads\/2026\/09\/tupac.png","width":1737,"height":1195},{"@type":"BreadcrumbList","@id":"https:\/\/beltv.net\/affaire-tupac-shakur-duane-keffe-d-davis-reconnu-coupable-de-meurtre\/#breadcrumb","itemListElement":[{"@type":"ListItem","position":1,"name":"Home","item":"https:\/\/beltv.net\/"},{"@type":"ListItem","position":2,"name":"Affaire Tupac Shakur : Duane \u00ab Keffe D \u00bb Davis reconnu coupable de meurtre"}]},{"@type":"WebSite","@id":"http:\/\/beltv.net\/#website","url":"http:\/\/beltv.net\/","name":"BEL TV","description":"Vous allez adorer la t\u00e9l\u00e9 !","publisher":{"@id":"http:\/\/beltv.net\/#organization"},"potentialAction":[{"@type":"SearchAction","target":{"@type":"EntryPoint","urlTemplate":"http:\/\/beltv.net\/?s={search_term_string}"},"query-input":{"@type":"PropertyValueSpecification","valueRequired":true,"valueName":"search_term_string"}}],"inLanguage":"en-US"},{"@type":"Organization","@id":"http:\/\/beltv.net\/#organization","name":"BEL TV","url":"http:\/\/beltv.net\/","logo":{"@type":"ImageObject","inLanguage":"en-US","@id":"http:\/\/beltv.net\/#\/schema\/logo\/image\/","url":"https:\/\/beltv.net\/wp-content\/uploads\/2025\/05\/350x100-bel-tv.jpg","contentUrl":"https:\/\/beltv.net\/wp-content\/uploads\/2025\/05\/350x100-bel-tv.jpg","width":350,"height":100,"caption":"BEL TV"},"image":{"@id":"http:\/\/beltv.net\/#\/schema\/logo\/image\/"}},{"@type":"Person","@id":"http:\/\/beltv.net\/#\/schema\/person\/e31be35f928f7456239e5858803c7b95","name":"beltvhaiti","image":{"@type":"ImageObject","inLanguage":"en-US","@id":"https:\/\/secure.gravatar.com\/avatar\/4d7d5f771f8d32d6007f8c2310e8f05eb8d254f895e486a575c41a02f4dffdda?s=96&d=mm&r=g","url":"https:\/\/secure.gravatar.com\/avatar\/4d7d5f771f8d32d6007f8c2310e8f05eb8d254f895e486a575c41a02f4dffdda?s=96&d=mm&r=g","contentUrl":"https:\/\/secure.gravatar.com\/avatar\/4d7d5f771f8d32d6007f8c2310e8f05eb8d254f895e486a575c41a02f4dffdda?s=96&d=mm&r=g","caption":"beltvhaiti"},"sameAs":["http:\/\/www.beltv.net"],"url":"https:\/\/beltv.net\/en\/author\/mmertilien\/"}]}},"brizy_media":[],"_links":{"self":[{"href":"https:\/\/beltv.net\/en\/wp-json\/wp\/v2\/posts\/6711","targetHints":{"allow":["GET"]}}],"collection":[{"href":"https:\/\/beltv.net\/en\/wp-json\/wp\/v2\/posts"}],"about":[{"href":"https:\/\/beltv.net\/en\/wp-json\/wp\/v2\/types\/post"}],"author":[{"embeddable":true,"href":"https:\/\/beltv.net\/en\/wp-json\/wp\/v2\/users\/2"}],"replies":[{"embeddable":true,"href":"https:\/\/beltv.net\/en\/wp-json\/wp\/v2\/comments?post=6711"}],"version-history":[{"count":1,"href":"https:\/\/beltv.net\/en\/wp-json\/wp\/v2\/posts\/6711\/revisions"}],"predecessor-version":[{"id":6712,"href":"https:\/\/beltv.net\/en\/wp-json\/wp\/v2\/posts\/6711\/revisions\/6712"}],"wp:featuredmedia":[{"embeddable":true,"href":"https:\/\/beltv.net\/en\/wp-json\/wp\/v2\/media\/6710"}],"wp:attachment":[{"href":"https:\/\/beltv.net\/en\/wp-json\/wp\/v2\/media?parent=6711"}],"wp:term":[{"taxonomy":"category","embeddable":true,"href":"https:\/\/beltv.net\/en\/wp-json\/wp\/v2\/categories?post=6711"},{"taxonomy":"post_tag","embeddable":true,"href":"https:\/\/beltv.net\/en\/wp-json\/wp\/v2\/tags?post=6711"}],"curies":[{"name":"wp","href":"https:\/\/api.w.org\/{rel}","templated":true}]}}